{"id":10000,"date":"2019-04-26T17:02:14","date_gmt":"2019-04-26T17:02:14","guid":{"rendered":"https:\/\/insalud.gob.ve\/?p=10000"},"modified":"2019-04-26T17:02:14","modified_gmt":"2019-04-26T17:02:14","slug":"atendidos-85-nacimientos-en-el-ambulatorio-la-isabelica","status":"publish","type":"post","link":"https:\/\/insalud.gob.ve\/?p=10000","title":{"rendered":"Atendidos 85 nacimientos en el ambulatorio La Isabelica"},"content":{"rendered":"<p><a href=\"https:\/\/insalud.gob.ve\/?attachment_id=10001\" rel=\"attachment wp-att-10001\"><img loading=\"lazy\" class=\"alignleft size-medium wp-image-10001\" src=\"https:\/\/insalud.gob.ve\/wp-content\/uploads\/2019\/04\/H1-55-300x214.jpg\" alt=\"\" width=\"300\" height=\"214\" srcset=\"https:\/\/insalud.gob.ve\/wp-content\/uploads\/2019\/04\/H1-55-300x214.jpg 300w, https:\/\/insalud.gob.ve\/wp-content\/uploads\/2019\/04\/H1-55-768x548.jpg 768w, https:\/\/insalud.gob.ve\/wp-content\/uploads\/2019\/04\/H1-55-1024x731.jpg 1024w, https:\/\/insalud.gob.ve\/wp-content\/uploads\/2019\/04\/H1-55.jpg 1654w\" sizes=\"(max-width: 300px) 100vw, 300px\" \/><\/a>Hasta finales de marzo fueron atendidos oportunamente 85 nacimientos en el Ambulatorio Urbano Tipo III\u00a0 La Isabelica, municipio Valencia, contribuyendo de este modo en el fortalecimiento de la atenci\u00f3n primaria en salud y el descongestionamiento de las principales maternidades del estado Carabobo.<\/p>\n<p>As\u00ed lo inform\u00f3 Juan Carlos Y\u00e1nez, presidente de la Fundaci\u00f3n Instituto Carabobe\u00f1o para la Salud (Insalud), quien asegur\u00f3 que durante el proceso de parto se brinda un trato especializado a la gestante, a fin de garantizar un final feliz al binomio madre-hijo.<\/p>\n<p>\u201cEn esta gesti\u00f3n seguimos enfocados en mejorar la asistencia de la mujer durante el embarazo, como de la madre y el reci\u00e9n nacido. A trav\u00e9s de un capacitado equipo de salud impulsamos acciones para asegurar m\u00e1s y mejores oportunidades a las embarazadas que quieran dar a luz a sus beb\u00e9s en este centro ambulatorio, perteneciente a nuestra Red de Atenci\u00f3n Especializada\u201d, dijo.<\/p>\n<p>Sobre este particular, coment\u00f3 que el recinto m\u00e9dico recibe a pacientes de todo el municipio Valencia, as\u00ed como de otras localidades vecinas, entre ellas Las Ag\u00fcitas, G\u00fcig\u00fce y Guacara.<\/p>\n<p><strong>Atenci\u00f3n 24 horas<\/strong><\/p>\n<p>Por su parte, F\u00e1tima Rodr\u00edguez, coordinadora del Ambulatorio La Isabelica, indic\u00f3 que el \u00e1rea cuenta con 10 camas, cuatro ubicadas en preparto y seis en posparto. La sala funciona las 24 horas del d\u00eda, dividido en tres turnos de guardia, tanto para el personal de enfermer\u00eda y m\u00e9dico.<\/p>\n<p>\u201cAtendemos a todas las usuarias que necesiten de alguna evaluaci\u00f3n, sean pacientes de bajo o alto riesgo y seg\u00fan el criterio del doctor se le ofrece la respuesta en el centro o de lo contario es referida a la Maternidad Hugo Ch\u00e1vez o al Hospital Dr. Jos\u00e9 Mar\u00eda Vargas (Maternidad del Sur)\u201d, apunt\u00f3.<a href=\"https:\/\/insalud.gob.ve\/?attachment_id=10002\" rel=\"attachment wp-att-10002\"><img loading=\"lazy\" class=\"aligncenter size-large wp-image-10002\" src=\"https:\/\/insalud.gob.ve\/wp-content\/uploads\/2019\/04\/C2-FATIMA-RODRIGUEZ-1024x731.jpg\" alt=\"\" width=\"618\" height=\"441\" srcset=\"https:\/\/insalud.gob.ve\/wp-content\/uploads\/2019\/04\/C2-FATIMA-RODRIGUEZ-1024x731.jpg 1024w, https:\/\/insalud.gob.ve\/wp-content\/uploads\/2019\/04\/C2-FATIMA-RODRIGUEZ-300x214.jpg 300w, https:\/\/insalud.gob.ve\/wp-content\/uploads\/2019\/04\/C2-FATIMA-RODRIGUEZ-768x548.jpg 768w, https:\/\/insalud.gob.ve\/wp-content\/uploads\/2019\/04\/C2-FATIMA-RODRIGUEZ.jpg 1654w\" sizes=\"(max-width: 618px) 100vw, 618px\" \/><\/a><\/p>\n<p><strong>Parturientas agradecen<\/strong><\/p>\n<p>Las parturientas coincidieron en que el personal que trabaja en dicho establecimiento de salud, ofrece un servicio de alta calidad, por lo que expresaron su gratitud a todo el quipo m\u00e9dico y de enfermer\u00eda.<\/p>\n<p>Al respecto, Ruthmery S\u00e1nchez, habitante de Bucaral I, quien se convirti\u00f3 en madre de su segundo hijo, manifest\u00f3 sentirse muy satisfecha por el trato recibido. \u201cNo tuve ning\u00fan inconveniente al momento de dar a luz a mi beb\u00e9. Agradecida porque me facilitaron todos los insumos y medicamentos, no tuve que comprar nada\u201d, se\u00f1al\u00f3.<\/p>\n<p>Geraldine \u00c1lvarez, Oriunda de Flor Amarillo, Valencia, opin\u00f3 que los espacios de sala de parto est\u00e1n en \u00f3ptimas condiciones. \u201cTodo est\u00e1 muy bonito y limpio, igualmente la atenci\u00f3n es maravillosa\u201d, agreg\u00f3.<\/p>\n<p>Asimismo, Yohana Ochoa, madre de 23 a\u00f1os de edad, aprovech\u00f3 el momento para expresar su gratitud hacia el mandatario regional, por el empe\u00f1o que ha puesto para brindar una mejor atenci\u00f3n a las f\u00e9minas.\u00a0 \u201cGracias gobernador Lacava por estar pendiente de la salud y atenci\u00f3n de las mujeres\u201d, a\u00f1adi\u00f3.<\/p>\n<p>&nbsp;<\/p>\n","protected":false},"excerpt":{"rendered":"<p>Hasta finales de marzo fueron atendidos oportunamente 85 nacimientos en el Ambulatorio Urbano Tipo III\u00a0 La Isabelica, municipio Valencia, contribuyendo de este modo en el fortalecimiento de la atenci\u00f3n primaria en salud y el descongestionamiento de las principales maternidades del estado Carabobo. As\u00ed lo inform\u00f3 Juan Carlos Y\u00e1nez, presidente de la Fundaci\u00f3n Instituto Carabobe\u00f1o para &hellip;<\/p>\n","protected":false},"author":2,"featured_media":10001,"comment_status":"open","ping_status":"closed","sticky":false,"template":"","format":"standard","meta":[],"categories":[31],"tags":[],"_links":{"self":[{"href":"https:\/\/insalud.gob.ve\/index.php?rest_route=\/wp\/v2\/posts\/10000"}],"collection":[{"href":"https:\/\/insalud.gob.ve\/index.php?rest_route=\/wp\/v2\/posts"}],"about":[{"href":"https:\/\/insalud.gob.ve\/index.php?rest_route=\/wp\/v2\/types\/post"}],"author":[{"embeddable":true,"href":"https:\/\/insalud.gob.ve\/index.php?rest_route=\/wp\/v2\/users\/2"}],"replies":[{"embeddable":true,"href":"https:\/\/insalud.gob.ve\/index.php?rest_route=%2Fwp%2Fv2%2Fcomments&post=10000"}],"version-history":[{"count":0,"href":"https:\/\/insalud.gob.ve\/index.php?rest_route=\/wp\/v2\/posts\/10000\/revisions"}],"wp:featuredmedia":[{"embeddable":true,"href":"https:\/\/insalud.gob.ve\/index.php?rest_route=\/wp\/v2\/media\/10001"}],"wp:attachment":[{"href":"https:\/\/insalud.gob.ve\/index.php?rest_route=%2Fwp%2Fv2%2Fmedia&parent=10000"}],"wp:term":[{"taxonomy":"category","embeddable":true,"href":"https:\/\/insalud.gob.ve\/index.php?rest_route=%2Fwp%2Fv2%2Fcategories&post=10000"},{"taxonomy":"post_tag","embeddable":true,"href":"https:\/\/insalud.gob.ve\/index.php?rest_route=%2Fwp%2Fv2%2Ftags&post=10000"}],"curies":[{"name":"wp","href":"https:\/\/api.w.org\/{rel}","templated":true}]}}