{"id":10007,"date":"2019-04-26T17:17:11","date_gmt":"2019-04-26T17:17:11","guid":{"rendered":"https:\/\/insalud.gob.ve\/?p=10007"},"modified":"2019-04-26T17:17:11","modified_gmt":"2019-04-26T17:17:11","slug":"insalud-inicio-curso-intensivo-de-lengua-de-senas-venezolana","status":"publish","type":"post","link":"https:\/\/insalud.gob.ve\/?p=10007","title":{"rendered":"Insalud inici\u00f3 curso intensivo de Lengua de Se\u00f1as Venezolana"},"content":{"rendered":"<p><a href=\"https:\/\/insalud.gob.ve\/?attachment_id=10008\" rel=\"attachment wp-att-10008\"><img loading=\"lazy\" class=\"alignleft size-medium wp-image-10008\" src=\"https:\/\/insalud.gob.ve\/wp-content\/uploads\/2019\/04\/V1-4-225x300.jpg\" alt=\"\" width=\"225\" height=\"300\" srcset=\"https:\/\/insalud.gob.ve\/wp-content\/uploads\/2019\/04\/V1-4-225x300.jpg 225w, https:\/\/insalud.gob.ve\/wp-content\/uploads\/2019\/04\/V1-4-768x1024.jpg 768w, https:\/\/insalud.gob.ve\/wp-content\/uploads\/2019\/04\/V1-4.jpg 810w\" sizes=\"(max-width: 225px) 100vw, 225px\" \/><\/a>En las instalaciones de la Unidad Especial Bolivariana, al norte de la ciudad de Valencia, se dio inicio al primer curso intensivo de Lengua de Se\u00f1as Venezolana (LSV), actividad organizada por la Fundaci\u00f3n Instituto Carabobe\u00f1o para la Salud<span lang=\"es-419\">(Insalud)\u00a0<\/span>a trav\u00e9s del Programa de Atenci\u00f3n en Salud Integral para Personas con Discapacidad<span lang=\"es-419\">,<\/span>\u00a0conjuntamente con la Zona Educativa.<\/p>\n<p>Juan Carlos Y\u00e1nez, presidente de Insalud, inform\u00f3 que este ciclo de talleres tiene como objetivo masificar el uso de este lenguaje a nivel de todos los organismos p\u00fablicos, privados, as\u00ed como en los diferentes sectores de la sociedad, para la inclusi\u00f3n de la poblaci\u00f3n con discapacidad auditiva.<\/p>\n<p>Explic\u00f3 que esta etapa del taller est\u00e1 dirigida espec\u00edficamente a trabajadores de la salud, Protecci\u00f3n Civil, docentes y representantes del poder popular. \u201cPara la gesti\u00f3n del gobernador Rafael Lacava, es de suma importancia promover esta iniciativa a favor de las personas con deficiencia sonora a fin de facilitar la interacci\u00f3n y comunicaci\u00f3n con su entorno\u201d, precis\u00f3.<a href=\"https:\/\/insalud.gob.ve\/?attachment_id=10009\" rel=\"attachment wp-att-10009\"><img loading=\"lazy\" class=\"aligncenter size-large wp-image-10009\" src=\"https:\/\/insalud.gob.ve\/wp-content\/uploads\/2019\/04\/C1-JUAN-CARLOS-Y\u00c1NEZ-2-1024x802.jpg\" alt=\"\" width=\"618\" height=\"484\" srcset=\"https:\/\/insalud.gob.ve\/wp-content\/uploads\/2019\/04\/C1-JUAN-CARLOS-Y\u00c1NEZ-2-1024x802.jpg 1024w, https:\/\/insalud.gob.ve\/wp-content\/uploads\/2019\/04\/C1-JUAN-CARLOS-Y\u00c1NEZ-2-300x235.jpg 300w, https:\/\/insalud.gob.ve\/wp-content\/uploads\/2019\/04\/C1-JUAN-CARLOS-Y\u00c1NEZ-2-768x601.jpg 768w, https:\/\/insalud.gob.ve\/wp-content\/uploads\/2019\/04\/C1-JUAN-CARLOS-Y\u00c1NEZ-2.jpg 1097w\" sizes=\"(max-width: 618px) 100vw, 618px\" \/><\/a><\/p>\n<p>Al respecto, Y\u00e1nez cit\u00f3 el art\u00edculo 81 de la Constituci\u00f3n, el cual establece:\u00a0<i>\u201cToda persona con discapacidad o necesidades especiales tiene derecho al ejercicio pleno y aut\u00f3nomo de sus capacidades y a su integraci\u00f3n familiar y comunitaria. El Estado, con la participaci\u00f3n solidaria de las familias y la sociedad, le garantizar\u00e1 el respeto a su dignidad humana, la equiparaci\u00f3n de oportunidades, condiciones laborales satisfactorias y promover\u00e1 su formaci\u00f3n, capacitaci\u00f3n y acceso al empleo con sus condiciones (\u2026)\u201d.<br \/>\n<\/i><\/p>\n<p>En cuanto a las acciones impulsadas desde el equipo regional de salud, asever\u00f3 que se mantienen de manera permanente las capacitaciones a los trabajadores, en todos los establecimientos asistenciales y \u00e1reas administrativas para brindarle las herramientas necesarias para elevar la calidad de servicio que se ofrece a los pacientes<span lang=\"es-419\">\u00a0con esta condici\u00f3n<\/span>.<\/p>\n<p>&nbsp;<\/p>\n","protected":false},"excerpt":{"rendered":"<p>En las instalaciones de la Unidad Especial Bolivariana, al norte de la ciudad de Valencia, se dio inicio al primer curso intensivo de Lengua de Se\u00f1as Venezolana (LSV), actividad organizada por la Fundaci\u00f3n Instituto Carabobe\u00f1o para la Salud(Insalud)\u00a0a trav\u00e9s del Programa de Atenci\u00f3n en Salud Integral para Personas con Discapacidad,\u00a0conjuntamente con la Zona Educativa. Juan &hellip;<\/p>\n","protected":false},"author":2,"featured_media":10008,"comment_status":"open","ping_status":"closed","sticky":false,"template":"","format":"standard","meta":[],"categories":[31],"tags":[],"_links":{"self":[{"href":"https:\/\/insalud.gob.ve\/index.php?rest_route=\/wp\/v2\/posts\/10007"}],"collection":[{"href":"https:\/\/insalud.gob.ve\/index.php?rest_route=\/wp\/v2\/posts"}],"about":[{"href":"https:\/\/insalud.gob.ve\/index.php?rest_route=\/wp\/v2\/types\/post"}],"author":[{"embeddable":true,"href":"https:\/\/insalud.gob.ve\/index.php?rest_route=\/wp\/v2\/users\/2"}],"replies":[{"embeddable":true,"href":"https:\/\/insalud.gob.ve\/index.php?rest_route=%2Fwp%2Fv2%2Fcomments&post=10007"}],"version-history":[{"count":0,"href":"https:\/\/insalud.gob.ve\/index.php?rest_route=\/wp\/v2\/posts\/10007\/revisions"}],"wp:featuredmedia":[{"embeddable":true,"href":"https:\/\/insalud.gob.ve\/index.php?rest_route=\/wp\/v2\/media\/10008"}],"wp:attachment":[{"href":"https:\/\/insalud.gob.ve\/index.php?rest_route=%2Fwp%2Fv2%2Fmedia&parent=10007"}],"wp:term":[{"taxonomy":"category","embeddable":true,"href":"https:\/\/insalud.gob.ve\/index.php?rest_route=%2Fwp%2Fv2%2Fcategories&post=10007"},{"taxonomy":"post_tag","embeddable":true,"href":"https:\/\/insalud.gob.ve\/index.php?rest_route=%2Fwp%2Fv2%2Ftags&post=10007"}],"curies":[{"name":"wp","href":"https:\/\/api.w.org\/{rel}","templated":true}]}}