{"id":10028,"date":"2019-04-26T18:00:43","date_gmt":"2019-04-26T18:00:43","guid":{"rendered":"https:\/\/insalud.gob.ve\/?p=10028"},"modified":"2019-04-26T18:00:43","modified_gmt":"2019-04-26T18:00:43","slug":"acuerdan-medidas-para-fortalecer-servicios-de-salud-en-carabobo","status":"publish","type":"post","link":"https:\/\/insalud.gob.ve\/?p=10028","title":{"rendered":"Acuerdan medidas para fortalecer servicios de salud en Carabobo"},"content":{"rendered":"<p><a href=\"https:\/\/insalud.gob.ve\/?attachment_id=10029\" rel=\"attachment wp-att-10029\"><img loading=\"lazy\" class=\"alignleft size-medium wp-image-10029\" src=\"https:\/\/insalud.gob.ve\/wp-content\/uploads\/2019\/04\/H1-56-300x199.jpg\" alt=\"\" width=\"300\" height=\"199\" srcset=\"https:\/\/insalud.gob.ve\/wp-content\/uploads\/2019\/04\/H1-56-300x199.jpg 300w, https:\/\/insalud.gob.ve\/wp-content\/uploads\/2019\/04\/H1-56-768x509.jpg 768w, https:\/\/insalud.gob.ve\/wp-content\/uploads\/2019\/04\/H1-56-1024x679.jpg 1024w, https:\/\/insalud.gob.ve\/wp-content\/uploads\/2019\/04\/H1-56-310x205.jpg 310w, https:\/\/insalud.gob.ve\/wp-content\/uploads\/2019\/04\/H1-56.jpg 1289w\" sizes=\"(max-width: 300px) 100vw, 300px\" \/><\/a>Autoridades de la Misi\u00f3n M\u00e9dica Cubana, representantes del Ejecutivo regional y voceros del poder popular acordaron tras un encuentro, nuevas estrategias para optimizar el Sistema P\u00fablico Nacional en la entidad, a fin de brindar a los carabobe\u00f1os una mejor asitencia m\u00e9dica.<\/p>\n<p>La reuni\u00f3n se realiz\u00f3 a prop\u00f3sito de las visitas que vienen realizando las delegaciones nacionales a varios estados del pa\u00eds, para establecer acuerdos que conlleven adem\u00e1s, a consolidar la unificaci\u00f3n de todas las instituciones en el \u00e1rea de salud que hacen vida en el estado.<\/p>\n<p>Entre los compromisos asumidos, el presidente de la Fundaci\u00f3n Instituto Carabobe\u00f1o para la Salud (Insalud), Juan Carlos Y\u00e1nez, destac\u00f3 el mantenimiento y rehabilitaci\u00f3n de diversos centros asistenciales, adem\u00e1s de la seguridad y vigilancia que requieren usuarios y el personal m\u00e9dico en algunos establecimientos asistenciales.<\/p>\n<p>De igual manera indic\u00f3 que otros convenios se enfocaron en la dotaci\u00f3n y equipamientos de Centros de Diagnosticos Integrales (CDI), ambulatorios y otros recintos que abarcan las 47 \u00c1reas de Salud Integral Comunitaria (ASIC) activas en los 14 municipios de la regi\u00f3n.<a href=\"https:\/\/insalud.gob.ve\/?attachment_id=10030\" rel=\"attachment wp-att-10030\"><img loading=\"lazy\" class=\"aligncenter size-large wp-image-10030\" src=\"https:\/\/insalud.gob.ve\/wp-content\/uploads\/2019\/04\/C2-8-1024x679.jpg\" alt=\"\" width=\"618\" height=\"410\" srcset=\"https:\/\/insalud.gob.ve\/wp-content\/uploads\/2019\/04\/C2-8-1024x679.jpg 1024w, https:\/\/insalud.gob.ve\/wp-content\/uploads\/2019\/04\/C2-8-300x199.jpg 300w, https:\/\/insalud.gob.ve\/wp-content\/uploads\/2019\/04\/C2-8-768x509.jpg 768w, https:\/\/insalud.gob.ve\/wp-content\/uploads\/2019\/04\/C2-8-310x205.jpg 310w, https:\/\/insalud.gob.ve\/wp-content\/uploads\/2019\/04\/C2-8.jpg 1289w\" sizes=\"(max-width: 618px) 100vw, 618px\" \/><\/a><\/p>\n<p>\u201cDe manera articulada tambi\u00e9n definimos el trabajo en conjunto para reforzar los planes de vacunaci\u00f3n que se vienen realizando en nuestros ambulatorios, escuelas y comunidades para aumentar la cobertura para proteger a la poblaci\u00f3n\u201d, expres\u00f3.<\/p>\n<p>Evaluaci\u00f3n al trabajo de Barrio Adentro<\/p>\n<p>Fernando Gonz\u00e1lez, jefe de la Misi\u00f3n M\u00e9dica Cubana en Venezuela, encabez\u00f3 la reuni\u00f3n celebrada en las instalaciones de Insalud, donde junto al resto de los participantes eval\u00fao el trabajo desarrollado por el equipo de Barrio Adentro en la entidad.<\/p>\n<p>\u201cHoy (mi\u00e9rcoles) tengo el privilegio de compartir con las autoridades de salud de Carabobo y su pueblo, revisando el trabajo en la red de Barrio Adentro, toda la atenci\u00f3n que se brinda en los de Centros de Diagn\u00f3stico Integral y Salas de Rehabilitaci\u00f3n Integral\u201d, dijo.<\/p>\n<p>Asimismo, destac\u00f3 que la salud es prioridad para el gobierno revolucionario, \u201cayer (martes) celebramos el 16\u00b0 aniversario de la Misi\u00f3n Barrio Adentro y con esa misma energ\u00eda y entusiasmo queremos dar cumplimiento a lo que nos ha pedido el Presidente de la Rep\u00fablica, que Barrio Adentro siga perfeccionando el trabajo y que la poblaci\u00f3n pueda recibir salud\u201d.<\/p>\n<p>Arribo de insumos al pa\u00eds<\/p>\n<p>Gonz\u00e1lez se refiri\u00f3 al arribo de siete toneladas de insumos y medicamentos al pa\u00eds como parte de la ayuda aprobada por el Gobierno nacional y entregada a trav\u00e9s de la Cruz Roja Internacional.<\/p>\n<p>\u201cEste primer env\u00edo ser\u00e1 distribuido a las instituciones de salud y a los organismos en las que la Cruz Roja preste sus servicios, seg\u00fan las necesidades y el orden de la entrada de estos recursos y no lo que quer\u00eda hacer el imperio en forma violenta por Colombia\u201d, precis\u00f3.<\/p>\n","protected":false},"excerpt":{"rendered":"<p>Autoridades de la Misi\u00f3n M\u00e9dica Cubana, representantes del Ejecutivo regional y voceros del poder popular acordaron tras un encuentro, nuevas estrategias para optimizar el Sistema P\u00fablico Nacional en la entidad, a fin de brindar a los carabobe\u00f1os una mejor asitencia m\u00e9dica. La reuni\u00f3n se realiz\u00f3 a prop\u00f3sito de las visitas que vienen realizando las delegaciones &hellip;<\/p>\n","protected":false},"author":2,"featured_media":10031,"comment_status":"open","ping_status":"closed","sticky":false,"template":"","format":"standard","meta":[],"categories":[31],"tags":[],"_links":{"self":[{"href":"https:\/\/insalud.gob.ve\/index.php?rest_route=\/wp\/v2\/posts\/10028"}],"collection":[{"href":"https:\/\/insalud.gob.ve\/index.php?rest_route=\/wp\/v2\/posts"}],"about":[{"href":"https:\/\/insalud.gob.ve\/index.php?rest_route=\/wp\/v2\/types\/post"}],"author":[{"embeddable":true,"href":"https:\/\/insalud.gob.ve\/index.php?rest_route=\/wp\/v2\/users\/2"}],"replies":[{"embeddable":true,"href":"https:\/\/insalud.gob.ve\/index.php?rest_route=%2Fwp%2Fv2%2Fcomments&post=10028"}],"version-history":[{"count":0,"href":"https:\/\/insalud.gob.ve\/index.php?rest_route=\/wp\/v2\/posts\/10028\/revisions"}],"wp:featuredmedia":[{"embeddable":true,"href":"https:\/\/insalud.gob.ve\/index.php?rest_route=\/wp\/v2\/media\/10031"}],"wp:attachment":[{"href":"https:\/\/insalud.gob.ve\/index.php?rest_route=%2Fwp%2Fv2%2Fmedia&parent=10028"}],"wp:term":[{"taxonomy":"category","embeddable":true,"href":"https:\/\/insalud.gob.ve\/index.php?rest_route=%2Fwp%2Fv2%2Fcategories&post=10028"},{"taxonomy":"post_tag","embeddable":true,"href":"https:\/\/insalud.gob.ve\/index.php?rest_route=%2Fwp%2Fv2%2Ftags&post=10028"}],"curies":[{"name":"wp","href":"https:\/\/api.w.org\/{rel}","templated":true}]}}