{"id":10040,"date":"2019-04-26T18:23:40","date_gmt":"2019-04-26T18:23:40","guid":{"rendered":"https:\/\/insalud.gob.ve\/?p=10040"},"modified":"2019-04-26T18:23:40","modified_gmt":"2019-04-26T18:23:40","slug":"carabobo-listo-para-inicio-de-semana-de-vacunacion-en-las-americas-2019","status":"publish","type":"post","link":"https:\/\/insalud.gob.ve\/?p=10040","title":{"rendered":"Carabobo listo para inicio de Semana de Vacunaci\u00f3n en las Am\u00e9ricas 2019"},"content":{"rendered":"<p><a href=\"https:\/\/insalud.gob.ve\/?attachment_id=10041\" rel=\"attachment wp-att-10041\"><img loading=\"lazy\" class=\"alignleft size-medium wp-image-10041\" src=\"https:\/\/insalud.gob.ve\/wp-content\/uploads\/2019\/04\/H1-57-300x200.jpg\" alt=\"\" width=\"300\" height=\"200\" srcset=\"https:\/\/insalud.gob.ve\/wp-content\/uploads\/2019\/04\/H1-57-300x200.jpg 300w, https:\/\/insalud.gob.ve\/wp-content\/uploads\/2019\/04\/H1-57-768x512.jpg 768w, https:\/\/insalud.gob.ve\/wp-content\/uploads\/2019\/04\/H1-57-1024x683.jpg 1024w\" sizes=\"(max-width: 300px) 100vw, 300px\" \/><\/a>Con miras a lo que ser\u00e1 la Semana de Vacunaci\u00f3n en las Am\u00e9ricas 2019, epidemi\u00f3logos, directores y coordinadoras del Programa Ampliado de Inmunizaci\u00f3n del estado Carabobo sostuvieron este jueves una reuni\u00f3n, para definir las actividades a ejecutar en los 14 municipios y 47 \u00c1reas de Salud Integral Comunitaria (ASIC) distribuidos en la regi\u00f3n.<\/p>\n<p>Juan Carlos Y\u00e1nez, presidente de Insalud, inform\u00f3 que las estrategias acordadas se centran principalmente en el abordaje simult\u00e1neo de las comunidades y escuelas, sumado al trabajo que se realiza a diario en los puntos fijos de vacunaci\u00f3n,\u00a0a fin de cumplir con la meta establecida para la entidad.<\/p>\n<p>\u201cTodo el equipo de Carabobo prepar\u00e1ndose y empoder\u00e1ndose sobre las acciones que desarrollaremos previo, durante y posterior a esta campa\u00f1a, en la cual podremos fortalecer el esquema y proteger a ni\u00f1os, adolescentes y adultos contra las enfermedades prevenibles por vacunas\u201d, dijo.<a href=\"https:\/\/insalud.gob.ve\/?attachment_id=10042\" rel=\"attachment wp-att-10042\"><img loading=\"lazy\" class=\"aligncenter size-large wp-image-10042\" src=\"https:\/\/insalud.gob.ve\/wp-content\/uploads\/2019\/04\/H2-35-1024x731.jpg\" alt=\"\" width=\"618\" height=\"441\" srcset=\"https:\/\/insalud.gob.ve\/wp-content\/uploads\/2019\/04\/H2-35-1024x731.jpg 1024w, https:\/\/insalud.gob.ve\/wp-content\/uploads\/2019\/04\/H2-35-300x214.jpg 300w, https:\/\/insalud.gob.ve\/wp-content\/uploads\/2019\/04\/H2-35-768x548.jpg 768w, https:\/\/insalud.gob.ve\/wp-content\/uploads\/2019\/04\/H2-35.jpg 1654w\" sizes=\"(max-width: 618px) 100vw, 618px\" \/><\/a><\/p>\n<p>En este sentido, Y\u00e1nez indic\u00f3 que las tareas estar\u00e1n direccionadas seg\u00fan el \u00e1rea geogr\u00e1fica y movimiento poblacional, con la finalidad de brindar el mayor acceso a la ciudadan\u00eda. \u201cEn esta jornada trabajaremos de forma articulada todos los entes que conformamos el Sistema P\u00fablico de Salud en Carabobo, entre los que se encuentran la Misi\u00f3n Barrio Adentro, Insalud, Instituto Venezolano de los Seguros Sociales y otras instituciones\u201d, agreg\u00f3.<\/p>\n<p><strong>Plan de intensificaci\u00f3n<\/strong><\/p>\n<p>El funcionario\u00a0tambi\u00e9n agreg\u00f3\u00a0que aunado a la Semana de Vacunaci\u00f3n en las Am\u00e9ricas 2019, promovida por el Ministerio del Poder Popular para la Salud (MPPS), en acompa\u00f1amiento de la Organizaci\u00f3n Panamericana de la Salud,\u00a0 se llevar\u00e1 a cabo entre el 02 y 18 de mayo un plan de intensificaci\u00f3n en las zonas m\u00e1s vulnerables del estado.<\/p>\n<p>\u201cEl objetivo es alcanzar el 100% de cobertura en la toxoide tet\u00e1nico dift\u00e9rico (TD) y la SR (sarampi\u00f3n rub\u00e9ola) para la poblaci\u00f3n de 6 meses a 15 a\u00f1os de edad, ya que es fundamental que nuestros ni\u00f1os completen su esquema de inmunizaci\u00f3n\u201d, expres\u00f3.<\/p>\n","protected":false},"excerpt":{"rendered":"<p>Con miras a lo que ser\u00e1 la Semana de Vacunaci\u00f3n en las Am\u00e9ricas 2019, epidemi\u00f3logos, directores y coordinadoras del Programa Ampliado de Inmunizaci\u00f3n del estado Carabobo sostuvieron este jueves una reuni\u00f3n, para definir las actividades a ejecutar en los 14 municipios y 47 \u00c1reas de Salud Integral Comunitaria (ASIC) distribuidos en la regi\u00f3n. Juan Carlos &hellip;<\/p>\n","protected":false},"author":2,"featured_media":10043,"comment_status":"open","ping_status":"closed","sticky":false,"template":"","format":"standard","meta":[],"categories":[31],"tags":[],"_links":{"self":[{"href":"https:\/\/insalud.gob.ve\/index.php?rest_route=\/wp\/v2\/posts\/10040"}],"collection":[{"href":"https:\/\/insalud.gob.ve\/index.php?rest_route=\/wp\/v2\/posts"}],"about":[{"href":"https:\/\/insalud.gob.ve\/index.php?rest_route=\/wp\/v2\/types\/post"}],"author":[{"embeddable":true,"href":"https:\/\/insalud.gob.ve\/index.php?rest_route=\/wp\/v2\/users\/2"}],"replies":[{"embeddable":true,"href":"https:\/\/insalud.gob.ve\/index.php?rest_route=%2Fwp%2Fv2%2Fcomments&post=10040"}],"version-history":[{"count":0,"href":"https:\/\/insalud.gob.ve\/index.php?rest_route=\/wp\/v2\/posts\/10040\/revisions"}],"wp:featuredmedia":[{"embeddable":true,"href":"https:\/\/insalud.gob.ve\/index.php?rest_route=\/wp\/v2\/media\/10043"}],"wp:attachment":[{"href":"https:\/\/insalud.gob.ve\/index.php?rest_route=%2Fwp%2Fv2%2Fmedia&parent=10040"}],"wp:term":[{"taxonomy":"category","embeddable":true,"href":"https:\/\/insalud.gob.ve\/index.php?rest_route=%2Fwp%2Fv2%2Fcategories&post=10040"},{"taxonomy":"post_tag","embeddable":true,"href":"https:\/\/insalud.gob.ve\/index.php?rest_route=%2Fwp%2Fv2%2Ftags&post=10040"}],"curies":[{"name":"wp","href":"https:\/\/api.w.org\/{rel}","templated":true}]}}