{"id":10089,"date":"2019-06-04T14:08:22","date_gmt":"2019-06-04T14:08:22","guid":{"rendered":"https:\/\/insalud.gob.ve\/?p=10089"},"modified":"2019-06-04T14:08:22","modified_gmt":"2019-06-04T14:08:22","slug":"realizada-jornada-preventiva-en-ambulatorio-san-diego","status":"publish","type":"post","link":"https:\/\/insalud.gob.ve\/?p=10089","title":{"rendered":"Realizada jornada preventiva en ambulatorio San Diego"},"content":{"rendered":"<p><a href=\"https:\/\/insalud.gob.ve\/?attachment_id=10090\" rel=\"attachment wp-att-10090\"><img loading=\"lazy\" class=\"alignleft size-medium wp-image-10090\" src=\"https:\/\/insalud.gob.ve\/wp-content\/uploads\/2019\/06\/H1-61-300x169.jpg\" alt=\"\" width=\"300\" height=\"169\" srcset=\"https:\/\/insalud.gob.ve\/wp-content\/uploads\/2019\/06\/H1-61-300x169.jpg 300w, https:\/\/insalud.gob.ve\/wp-content\/uploads\/2019\/06\/H1-61-768x432.jpg 768w, https:\/\/insalud.gob.ve\/wp-content\/uploads\/2019\/06\/H1-61-1024x576.jpg 1024w, https:\/\/insalud.gob.ve\/wp-content\/uploads\/2019\/06\/H1-61.jpg 1080w\" sizes=\"(max-width: 300px) 100vw, 300px\" \/><\/a>Con una jornada especial que comprendi\u00f3 ex\u00e1menes de espirometr\u00eda, tomas de tensi\u00f3n arterial y electrocardiogramas, el ambulatorio San Diego conmemor\u00f3 el D\u00eda Mundial de No Fumar, con el fin de promover los efectos nocivos del tabaco en la salud.<\/p>\n<p>Juan Carlos Y\u00e1nez, presidente de la Fundaci\u00f3n Instituto Carabobe\u00f1o para la Salud (Insalud), inform\u00f3 que la actividad se realiz\u00f3 bajo la coordinaci\u00f3n del equipo regional del Programa de Cesaci\u00f3n Tab\u00e1quica para el beneficio y atenci\u00f3n gratuita de los habitantes del municipio San Diego.<\/p>\n<p>Explic\u00f3 que durante la consulta m\u00e9dica se evaluaron las condiciones de salud de unos 20 usuarios, quienes adem\u00e1s recibieron informaci\u00f3n general sobre las consecuencias de fumar.<\/p>\n<p>\u201cA trav\u00e9s de estas jornadas podemos educar a la poblaci\u00f3n en materia de prevenci\u00f3n, que los pacientes conozcan los riesgos del tabaco ya que este es uno de los vicios que ocasiona m\u00e1s da\u00f1o al organismo, tanto al que lo consume como al que se expone al humo sin llevarse un cigarro a la boca\u201d, manifest\u00f3 Y\u00e1nez.<a href=\"https:\/\/insalud.gob.ve\/?attachment_id=10091\" rel=\"attachment wp-att-10091\"><img loading=\"lazy\" class=\"aligncenter size-full wp-image-10091\" src=\"https:\/\/insalud.gob.ve\/wp-content\/uploads\/2019\/06\/H3..jpg\" alt=\"\" width=\"598\" height=\"506\" srcset=\"https:\/\/insalud.gob.ve\/wp-content\/uploads\/2019\/06\/H3..jpg 598w, https:\/\/insalud.gob.ve\/wp-content\/uploads\/2019\/06\/H3.-300x254.jpg 300w\" sizes=\"(max-width: 598px) 100vw, 598px\" \/><\/a><\/p>\n<p>Agreg\u00f3 que como parte de las acciones ejecutadas en todo el estado Carabobo, para recordar esta fecha, se llev\u00f3 a cabo una capacitaci\u00f3n dirigida a pacientes del ambulatorio \u201cDr. Miguel Franco\u201d de Naguanagua, igualmente se dictaron talleres informativos en diversas escuelas e instituciones con el apoyo de la Oficina Nacional Antidrogas (ONA).<\/p>\n<p>\u201cDejar de fumar es posible y si cada consumidor pone de su parte, puede lograrlo. Es importante que todos los entes nos involucremos en este tema mediante la prevenci\u00f3n, en defensa de la protecci\u00f3n de espacios 100% libres de humo para que la sociedad pueda gozar de una mejor salud y calidad de vida\u201d, concluy\u00f3 el titular de Insalud.<\/p>\n","protected":false},"excerpt":{"rendered":"<p>Con una jornada especial que comprendi\u00f3 ex\u00e1menes de espirometr\u00eda, tomas de tensi\u00f3n arterial y electrocardiogramas, el ambulatorio San Diego conmemor\u00f3 el D\u00eda Mundial de No Fumar, con el fin de promover los efectos nocivos del tabaco en la salud. Juan Carlos Y\u00e1nez, presidente de la Fundaci\u00f3n Instituto Carabobe\u00f1o para la Salud (Insalud), inform\u00f3 que la &hellip;<\/p>\n","protected":false},"author":2,"featured_media":10090,"comment_status":"open","ping_status":"closed","sticky":false,"template":"","format":"standard","meta":[],"categories":[31],"tags":[],"_links":{"self":[{"href":"https:\/\/insalud.gob.ve\/index.php?rest_route=\/wp\/v2\/posts\/10089"}],"collection":[{"href":"https:\/\/insalud.gob.ve\/index.php?rest_route=\/wp\/v2\/posts"}],"about":[{"href":"https:\/\/insalud.gob.ve\/index.php?rest_route=\/wp\/v2\/types\/post"}],"author":[{"embeddable":true,"href":"https:\/\/insalud.gob.ve\/index.php?rest_route=\/wp\/v2\/users\/2"}],"replies":[{"embeddable":true,"href":"https:\/\/insalud.gob.ve\/index.php?rest_route=%2Fwp%2Fv2%2Fcomments&post=10089"}],"version-history":[{"count":0,"href":"https:\/\/insalud.gob.ve\/index.php?rest_route=\/wp\/v2\/posts\/10089\/revisions"}],"wp:featuredmedia":[{"embeddable":true,"href":"https:\/\/insalud.gob.ve\/index.php?rest_route=\/wp\/v2\/media\/10090"}],"wp:attachment":[{"href":"https:\/\/insalud.gob.ve\/index.php?rest_route=%2Fwp%2Fv2%2Fmedia&parent=10089"}],"wp:term":[{"taxonomy":"category","embeddable":true,"href":"https:\/\/insalud.gob.ve\/index.php?rest_route=%2Fwp%2Fv2%2Fcategories&post=10089"},{"taxonomy":"post_tag","embeddable":true,"href":"https:\/\/insalud.gob.ve\/index.php?rest_route=%2Fwp%2Fv2%2Ftags&post=10089"}],"curies":[{"name":"wp","href":"https:\/\/api.w.org\/{rel}","templated":true}]}}