{"id":10124,"date":"2019-06-19T14:12:10","date_gmt":"2019-06-19T14:12:10","guid":{"rendered":"https:\/\/insalud.gob.ve\/?p=10124"},"modified":"2019-06-19T14:12:10","modified_gmt":"2019-06-19T14:12:10","slug":"pacientes-del-centro-de-imagenologia-de-la-chet-destacan-calidad-del-servicio","status":"publish","type":"post","link":"https:\/\/insalud.gob.ve\/?p=10124","title":{"rendered":"Pacientes del centro de imagenolog\u00eda de la CHET destacan calidad del servicio"},"content":{"rendered":"<p><a href=\"https:\/\/insalud.gob.ve\/?attachment_id=10125\" rel=\"attachment wp-att-10125\"><img loading=\"lazy\" class=\"alignleft size-medium wp-image-10125\" src=\"https:\/\/insalud.gob.ve\/wp-content\/uploads\/2019\/06\/H2-43-300x199.jpg\" alt=\"\" width=\"300\" height=\"199\" srcset=\"https:\/\/insalud.gob.ve\/wp-content\/uploads\/2019\/06\/H2-43-300x199.jpg 300w, https:\/\/insalud.gob.ve\/wp-content\/uploads\/2019\/06\/H2-43-768x509.jpg 768w, https:\/\/insalud.gob.ve\/wp-content\/uploads\/2019\/06\/H2-43-1024x679.jpg 1024w, https:\/\/insalud.gob.ve\/wp-content\/uploads\/2019\/06\/H2-43-310x205.jpg 310w, https:\/\/insalud.gob.ve\/wp-content\/uploads\/2019\/06\/H2-43.jpg 1289w\" sizes=\"(max-width: 300px) 100vw, 300px\" \/><\/a>Pacientes del nuevo Centro de Imagenolog\u00eda \u201cDr. Jos\u00e9 Gregorio Hern\u00e1ndez\u201d ubicado en la Ciudad Hospitalaria Enrique Tejera (Chet), en Valencia, certifican la calidad del servicio y la atenci\u00f3n especializada que reciben de manera gratuita, gracias a pol\u00edticas de gobierno en materia de salud implementadas por la revoluci\u00f3n bolivariana.<\/p>\n<p>Esta unidad de diagn\u00f3stico fue inaugurada hace pocos d\u00edas por el presidente de la Rep\u00fablica, Nicol\u00e1s Maduro y el gobernador de la entidad, Rafael Lacava, quienes destacaron la importancia de que los carabobe\u00f1os cuenten con un espacio alternativo que brinde asistencia oportuna a los usuarios que ameriten realizarse este tipo de estudios.<\/p>\n<p>Cabe destacar que, el centro de imagenolog\u00eda\u00a0cuenta con \u00e1reas de rayos x, resonancia magn\u00e9tica, sala de tomograf\u00eda, mamograf\u00eda, sala de estudios especiales, aulas de clases, entre otros. Se encuentra abierto al p\u00fablico de lunes a viernes, en un horario comprendido de 7:00 de la ma\u00f1ana a 5:00 de la tarde, los pacientes deben presentar, c\u00e9dula laminada y referencia m\u00e9dica con el examen a efectuar.<\/p>\n<p><strong>Salud para el pueblo<\/strong><\/p>\n<p>Beneficiarios agradecen al Gobierno nacional y regional por la creaci\u00f3n de este nuevo espacio, el cual ha sido dotado con equipos de alta tecnolog\u00eda y con un personal totalmente capacitado para la atenci\u00f3n integral de los pacientes.<\/p>\n<p>En este sentido, Ligia Izaguirre, habitante del municipio Libertador, aplaudi\u00f3 la materializaci\u00f3n de este proyecto en pro de las personas m\u00e1s necesitadas, expresando su gratitud hacia el jefe de Estado y gobernador Rafael Lacava.<a href=\"https:\/\/insalud.gob.ve\/?attachment_id=10126\" rel=\"attachment wp-att-10126\"><img loading=\"lazy\" class=\"aligncenter size-large wp-image-10126\" src=\"https:\/\/insalud.gob.ve\/wp-content\/uploads\/2019\/06\/H1-2-5-1024x679.jpg\" alt=\"\" width=\"618\" height=\"410\" srcset=\"https:\/\/insalud.gob.ve\/wp-content\/uploads\/2019\/06\/H1-2-5-1024x679.jpg 1024w, https:\/\/insalud.gob.ve\/wp-content\/uploads\/2019\/06\/H1-2-5-300x199.jpg 300w, https:\/\/insalud.gob.ve\/wp-content\/uploads\/2019\/06\/H1-2-5-768x509.jpg 768w, https:\/\/insalud.gob.ve\/wp-content\/uploads\/2019\/06\/H1-2-5-310x205.jpg 310w, https:\/\/insalud.gob.ve\/wp-content\/uploads\/2019\/06\/H1-2-5.jpg 1289w\" sizes=\"(max-width: 618px) 100vw, 618px\" \/><\/a><\/p>\n<p>\u00abVengan para que se hagan sus ex\u00e1menes gratuitamente, que en la calle son muy costosos. Gracias a nuestro Presidente y Gobernador por este nuevo servicio, ahora nos toca a los pacientes cuidar estas instalaciones que son del pueblo\u201d, manifest\u00f3.<\/p>\n<p>Por su parte, Eli S\u00e1nchez, quien se realiz\u00f3 una resonancia magn\u00e9tica, consider\u00f3 el proceso de atenci\u00f3n como r\u00e1pido y eficiente. \u00abLa atenci\u00f3n muy buena, yo llegu\u00e9 entregu\u00e9 mi orden y enseguida me ingresaron al \u00e1rea. Agradecida con el equipo de salud por el buen trato recibido\u201d, dijo.<\/p>\n<p>De igual modo, el joven Jorbis Mesa, se mostr\u00f3 muy complacido por la activaci\u00f3n de este moderno servicio, que a su juicio representa un importante logro de la revoluci\u00f3n para el beneficio de la ciudadan\u00eda. \u201cMuy agradecido con Dios y el Gobierno por esta iniciativa, estoy seguro que vendr\u00e1n cosas nuevas y mejores para nuestro estado\u201d, se\u00f1al\u00f3.<\/p>\n<p>Por \u00faltimo, Ana Dur\u00e1n, hizo un llamado a los usuarios a tener sentido de pertenencia tanto de las nuevas instalaciones como de los equipos de dicho centro de diagn\u00f3stico. \u201cEsto es para el pueblo y las cosas se mantienen si se cuidan\u201d, acot\u00f3.<\/p>\n","protected":false},"excerpt":{"rendered":"<p>Pacientes del nuevo Centro de Imagenolog\u00eda \u201cDr. Jos\u00e9 Gregorio Hern\u00e1ndez\u201d ubicado en la Ciudad Hospitalaria Enrique Tejera (Chet), en Valencia, certifican la calidad del servicio y la atenci\u00f3n especializada que reciben de manera gratuita, gracias a pol\u00edticas de gobierno en materia de salud implementadas por la revoluci\u00f3n bolivariana. Esta unidad de diagn\u00f3stico fue inaugurada hace &hellip;<\/p>\n","protected":false},"author":2,"featured_media":10127,"comment_status":"open","ping_status":"closed","sticky":false,"template":"","format":"standard","meta":[],"categories":[31],"tags":[],"_links":{"self":[{"href":"https:\/\/insalud.gob.ve\/index.php?rest_route=\/wp\/v2\/posts\/10124"}],"collection":[{"href":"https:\/\/insalud.gob.ve\/index.php?rest_route=\/wp\/v2\/posts"}],"about":[{"href":"https:\/\/insalud.gob.ve\/index.php?rest_route=\/wp\/v2\/types\/post"}],"author":[{"embeddable":true,"href":"https:\/\/insalud.gob.ve\/index.php?rest_route=\/wp\/v2\/users\/2"}],"replies":[{"embeddable":true,"href":"https:\/\/insalud.gob.ve\/index.php?rest_route=%2Fwp%2Fv2%2Fcomments&post=10124"}],"version-history":[{"count":0,"href":"https:\/\/insalud.gob.ve\/index.php?rest_route=\/wp\/v2\/posts\/10124\/revisions"}],"wp:featuredmedia":[{"embeddable":true,"href":"https:\/\/insalud.gob.ve\/index.php?rest_route=\/wp\/v2\/media\/10127"}],"wp:attachment":[{"href":"https:\/\/insalud.gob.ve\/index.php?rest_route=%2Fwp%2Fv2%2Fmedia&parent=10124"}],"wp:term":[{"taxonomy":"category","embeddable":true,"href":"https:\/\/insalud.gob.ve\/index.php?rest_route=%2Fwp%2Fv2%2Fcategories&post=10124"},{"taxonomy":"post_tag","embeddable":true,"href":"https:\/\/insalud.gob.ve\/index.php?rest_route=%2Fwp%2Fv2%2Ftags&post=10124"}],"curies":[{"name":"wp","href":"https:\/\/api.w.org\/{rel}","templated":true}]}}