{"id":10129,"date":"2019-06-25T14:57:50","date_gmt":"2019-06-25T14:57:50","guid":{"rendered":"https:\/\/insalud.gob.ve\/?p=10129"},"modified":"2019-06-25T14:57:50","modified_gmt":"2019-06-25T14:57:50","slug":"continuan-dotando-red-ambulatoria-especializada-de-carabobo","status":"publish","type":"post","link":"https:\/\/insalud.gob.ve\/?p=10129","title":{"rendered":"Contin\u00faan dotando Red Ambulatoria Especializada de Carabobo"},"content":{"rendered":"<p><strong>\u00a0<a href=\"https:\/\/insalud.gob.ve\/?attachment_id=10131\" rel=\"attachment wp-att-10131\"><img loading=\"lazy\" class=\"alignleft size-medium wp-image-10131\" src=\"https:\/\/insalud.gob.ve\/wp-content\/uploads\/2019\/06\/H1.-6-300x221.jpg\" alt=\"\" width=\"300\" height=\"221\" srcset=\"https:\/\/insalud.gob.ve\/wp-content\/uploads\/2019\/06\/H1.-6-300x221.jpg 300w, https:\/\/insalud.gob.ve\/wp-content\/uploads\/2019\/06\/H1.-6-768x567.jpg 768w, https:\/\/insalud.gob.ve\/wp-content\/uploads\/2019\/06\/H1.-6-1024x756.jpg 1024w\" sizes=\"(max-width: 300px) 100vw, 300px\" \/><\/a><\/strong>Continuando con el abastecimiento de equipos m\u00e9dicos para la optimizaci\u00f3n de la Red Ambulatoria Especializada, el Gobierno de Carabobo a trav\u00e9s de Insalud dot\u00f3 cinco nuevos establecimientos de salud, con el fin de fortalecer la atenci\u00f3n primaria en la entidad.<\/p>\n<p>Juan Carlos Y\u00e1nez, presidente de la Fundaci\u00f3n Instituto Carabobe\u00f1o para la Salud (Insalud), inform\u00f3 que el equipamiento fue entregado a los centros \u00abDr. Miguel Franco\u00bb de Naguanagua, Barreto Lima, Canaima, ambos ubicados en el municipio Valencia, adem\u00e1s de Los Guayos y Las Ag\u00fcitas.<\/p>\n<p>En este sentido, especific\u00f3 que los kits adjudicados contienen estetoscopio, tensi\u00f3metro,\u00a0martillo de reflejos, linterna y equipo de otorrino, todos fundamentales para favorecer la atenci\u00f3n gratuita y de calidad que dispensan los referidos ambulatorios.<\/p>\n<p>\u00abNos complace seguir dando buenas noticias en materia de salud para todos los habitantes de nuestro estado. Esta dotaci\u00f3n se logr\u00f3 gracias a las pol\u00edticas sociales del presidente Nicol\u00e1s Maduro y el impulso del gobernador Rafael Lacava, quienes han puesto todo su empe\u00f1o para mejorar la infraestructura y el servicio ofrecido en el sistema p\u00fablico de la regi\u00f3n\u00bb, expres\u00f3 Y\u00e1nez.<a href=\"https:\/\/insalud.gob.ve\/?attachment_id=10132\" rel=\"attachment wp-att-10132\"><img loading=\"lazy\" class=\"aligncenter size-large wp-image-10132\" src=\"https:\/\/insalud.gob.ve\/wp-content\/uploads\/2019\/06\/H2-1-1024x793.jpg\" alt=\"\" width=\"618\" height=\"479\" srcset=\"https:\/\/insalud.gob.ve\/wp-content\/uploads\/2019\/06\/H2-1-1024x793.jpg 1024w, https:\/\/insalud.gob.ve\/wp-content\/uploads\/2019\/06\/H2-1-300x232.jpg 300w, https:\/\/insalud.gob.ve\/wp-content\/uploads\/2019\/06\/H2-1-768x595.jpg 768w, https:\/\/insalud.gob.ve\/wp-content\/uploads\/2019\/06\/H2-1.jpg 1104w\" sizes=\"(max-width: 618px) 100vw, 618px\" \/><\/a><\/p>\n<p>Agreg\u00f3 que estos aparatos m\u00e9dicos estar\u00e1n situados en las \u00e1reas de emergencia y consultas, orientados en la atenci\u00f3n preventiva y curativa. \u00abEste donativo es de gran utilidad\u00a0\u00a0para el personal, dado que les permitir\u00e1 realizar con mayor facilidad el trabajo y estar en capacidad de dar respuesta a los usuarios\u00bb, dijo el titular de Insalud.<\/p>\n<p><strong>Atendidos 40 mil pacientes al mes<\/strong><\/p>\n<p>De igual modo, el funcionario indic\u00f3 que la Red Ambulatoria Especializada de Carabobo, recibe en las salas de emergencia a unas 40 mil personas al mes, lo que representa un gran porcentaje de pacientes asistidos de manera oportuna.<\/p>\n<p>\u00abLa recuperaci\u00f3n y transformaci\u00f3n de los centros ambulatorios es parte del compromiso asumido por el Gobierno nacional y regional, a fin de garantizar el primer nivel de atenci\u00f3n a todos, para que los pacientes acudan a los recintos hospitalarios solamente cuando sea necesario\u00bb, concluy\u00f3 Y\u00e1nez.<\/p>\n","protected":false},"excerpt":{"rendered":"<p>\u00a0Continuando con el abastecimiento de equipos m\u00e9dicos para la optimizaci\u00f3n de la Red Ambulatoria Especializada, el Gobierno de Carabobo a trav\u00e9s de Insalud dot\u00f3 cinco nuevos establecimientos de salud, con el fin de fortalecer la atenci\u00f3n primaria en la entidad. Juan Carlos Y\u00e1nez, presidente de la Fundaci\u00f3n Instituto Carabobe\u00f1o para la Salud (Insalud), inform\u00f3 que &hellip;<\/p>\n","protected":false},"author":2,"featured_media":10133,"comment_status":"open","ping_status":"closed","sticky":false,"template":"","format":"standard","meta":[],"categories":[31],"tags":[],"_links":{"self":[{"href":"https:\/\/insalud.gob.ve\/index.php?rest_route=\/wp\/v2\/posts\/10129"}],"collection":[{"href":"https:\/\/insalud.gob.ve\/index.php?rest_route=\/wp\/v2\/posts"}],"about":[{"href":"https:\/\/insalud.gob.ve\/index.php?rest_route=\/wp\/v2\/types\/post"}],"author":[{"embeddable":true,"href":"https:\/\/insalud.gob.ve\/index.php?rest_route=\/wp\/v2\/users\/2"}],"replies":[{"embeddable":true,"href":"https:\/\/insalud.gob.ve\/index.php?rest_route=%2Fwp%2Fv2%2Fcomments&post=10129"}],"version-history":[{"count":0,"href":"https:\/\/insalud.gob.ve\/index.php?rest_route=\/wp\/v2\/posts\/10129\/revisions"}],"wp:featuredmedia":[{"embeddable":true,"href":"https:\/\/insalud.gob.ve\/index.php?rest_route=\/wp\/v2\/media\/10133"}],"wp:attachment":[{"href":"https:\/\/insalud.gob.ve\/index.php?rest_route=%2Fwp%2Fv2%2Fmedia&parent=10129"}],"wp:term":[{"taxonomy":"category","embeddable":true,"href":"https:\/\/insalud.gob.ve\/index.php?rest_route=%2Fwp%2Fv2%2Fcategories&post=10129"},{"taxonomy":"post_tag","embeddable":true,"href":"https:\/\/insalud.gob.ve\/index.php?rest_route=%2Fwp%2Fv2%2Ftags&post=10129"}],"curies":[{"name":"wp","href":"https:\/\/api.w.org\/{rel}","templated":true}]}}