{"id":10135,"date":"2019-06-27T19:09:34","date_gmt":"2019-06-27T19:09:34","guid":{"rendered":"https:\/\/insalud.gob.ve\/?p=10135"},"modified":"2019-06-27T19:09:34","modified_gmt":"2019-06-27T19:09:34","slug":"gobernacion-de-carabobo-inicio-jornada-de-colocacion-del-dispositivo-intrauterino","status":"publish","type":"post","link":"https:\/\/insalud.gob.ve\/?p=10135","title":{"rendered":"Gobernaci\u00f3n de Carabobo inici\u00f3 jornada de colocaci\u00f3n del Dispositivo Intrauterino"},"content":{"rendered":"<p><a href=\"https:\/\/insalud.gob.ve\/?attachment_id=10136\" rel=\"attachment wp-att-10136\"><img loading=\"lazy\" class=\"alignleft size-medium wp-image-10136\" src=\"https:\/\/insalud.gob.ve\/wp-content\/uploads\/2019\/06\/H1-71-300x199.jpg\" alt=\"\" width=\"300\" height=\"199\" srcset=\"https:\/\/insalud.gob.ve\/wp-content\/uploads\/2019\/06\/H1-71-300x199.jpg 300w, https:\/\/insalud.gob.ve\/wp-content\/uploads\/2019\/06\/H1-71-768x509.jpg 768w, https:\/\/insalud.gob.ve\/wp-content\/uploads\/2019\/06\/H1-71-1024x679.jpg 1024w, https:\/\/insalud.gob.ve\/wp-content\/uploads\/2019\/06\/H1-71-310x205.jpg 310w, https:\/\/insalud.gob.ve\/wp-content\/uploads\/2019\/06\/H1-71.jpg 1289w\" sizes=\"(max-width: 300px) 100vw, 300px\" \/><\/a>Desde el Hospital Materno Infantil \u201cJulia Ben\u00edtez\u201d de Guacara, se dio inicio a la primera jornada de colocaci\u00f3n del Dispositivo Intrauterino (DIU), en el marco del programa de Planificaci\u00f3n Familiar \u201cCarabobo Te Quiero\u201d, promovido por la Gobernaci\u00f3n con el objeto de prevenir los embarazos no deseados y disminuir la morbimortalidad materna feto-neonatal.<\/p>\n<p>Juan Carlos Y\u00e1nez, presidente de la Fundaci\u00f3n Instituto Carabobe\u00f1o para la Salud (Insalud), inform\u00f3 que este mi\u00e9rcoles fueron atendidas gratuitamente un total de 82 mujeres de la localidad y zonas adyacentes.<\/p>\n<p>\u201cUna vez m\u00e1s la gesti\u00f3n del gobernador Rafael Lacava d\u00e1ndole respuesta al pueblo carabobe\u00f1o en materia de salud. Hoy (mi\u00e9rcoles) se est\u00e1n atendiendo a las primeras 82 f\u00e9minas con la implantaci\u00f3n de este m\u00e9todo anticonceptivo temporal, que en los centros privados representa un alto precio para las usuarias y en esta maternidad se est\u00e1 colocando totalmente gratis\u201d, dijo.<\/p>\n<p>Y\u00e1nez asegur\u00f3 que estas jornadas se estar\u00e1n desarrollando, en una primera fase, en los principales centros hospitalarios de la regi\u00f3n, para posteriormente abarcar la Red Ambulatoria Especializada a fin de favorecer al mayor n\u00famero de mujeres que quieran ser incluidas en este plan de atenci\u00f3n. \u201cEl DIU est\u00e1 indicado para todas las mujeres en edad f\u00e9rtil que est\u00e9n sexualmente activas, este tiene pocos efectos secundarios para la salud\u201d, agreg\u00f3. \u00a0 <a href=\"https:\/\/insalud.gob.ve\/?attachment_id=10137\" rel=\"attachment wp-att-10137\"><img loading=\"lazy\" class=\"aligncenter size-large wp-image-10137\" src=\"https:\/\/insalud.gob.ve\/wp-content\/uploads\/2019\/06\/H4-15-1024x679.jpg\" alt=\"\" width=\"618\" height=\"410\" srcset=\"https:\/\/insalud.gob.ve\/wp-content\/uploads\/2019\/06\/H4-15-1024x679.jpg 1024w, https:\/\/insalud.gob.ve\/wp-content\/uploads\/2019\/06\/H4-15-300x199.jpg 300w, https:\/\/insalud.gob.ve\/wp-content\/uploads\/2019\/06\/H4-15-768x509.jpg 768w, https:\/\/insalud.gob.ve\/wp-content\/uploads\/2019\/06\/H4-15-310x205.jpg 310w, https:\/\/insalud.gob.ve\/wp-content\/uploads\/2019\/06\/H4-15.jpg 1289w\" sizes=\"(max-width: 618px) 100vw, 618px\" \/><\/a><\/p>\n<p><strong>M\u00e9todo confiable y efectivo<\/strong><\/p>\n<p>Por su parte, Daisy Silva, coordinadora regional del programa de Salud Sexual y Reproductiva, indic\u00f3 que este dispositivo intrauterino tiene un lapso de duraci\u00f3n de hasta cinco a\u00f1os \u201csi se lleva un adecuado control ginecol\u00f3gico anual, que sirve adem\u00e1s para que \u00a0el especialista pueda verificar la ubicaci\u00f3n del aparato\u201d.<\/p>\n<p>Asimismo, se\u00f1al\u00f3 que las damas que deseen iniciar la planificaci\u00f3n familiar pueden dirigirse al centro asistencial m\u00e1s cercano a su domicilio, donde recibir\u00e1n toda la informaci\u00f3n adecuada por parte del equipo de salud.<\/p>\n<p><strong>Beneficiadas agradecen iniciativa<\/strong><\/p>\n<p>Joana Lemus, expres\u00f3 su gratitud hacia el Gobernador por la activaci\u00f3n de este programa social. \u201cEste m\u00e9todo es ideal para todas las mujeres al momento de planificar nuestros embarazos.\u00a0 Gracias gobernador Rafael Lacava por esta jornada\u201d, apunt\u00f3.<\/p>\n<p>Para Marlene Ezcurra, el proceso de atenci\u00f3n fue \u201cr\u00e1pido y efectivo\u201d, por lo que se mostr\u00f3 complacida por el trato recibido. \u201cMe enter\u00e9 de la actividad a trav\u00e9s del consejo comunal; solo me pidieron la prueba de embarazo, la citolog\u00eda y mi c\u00e9dula de identidad. Muy feliz por esta oportunidad\u201d, coment\u00f3.<\/p>\n<p>De igual modo, Edmary Aranguren, habitante del municipio Guacara, manifest\u00f3 la importancia de este plan para atender oportunamente a las mujeres que no tienen la posibilidad de acudir a una cl\u00ednica privada. \u201cGracias gobernador Lacava por emprender este proyecto en pro de las carabobe\u00f1as que quieran tener una familia planificada\u201d, opin\u00f3.<\/p>\n<p>&nbsp;<\/p>\n","protected":false},"excerpt":{"rendered":"<p>Desde el Hospital Materno Infantil \u201cJulia Ben\u00edtez\u201d de Guacara, se dio inicio a la primera jornada de colocaci\u00f3n del Dispositivo Intrauterino (DIU), en el marco del programa de Planificaci\u00f3n Familiar \u201cCarabobo Te Quiero\u201d, promovido por la Gobernaci\u00f3n con el objeto de prevenir los embarazos no deseados y disminuir la morbimortalidad materna feto-neonatal. Juan Carlos Y\u00e1nez, &hellip;<\/p>\n","protected":false},"author":2,"featured_media":10138,"comment_status":"open","ping_status":"closed","sticky":false,"template":"","format":"standard","meta":[],"categories":[31],"tags":[],"_links":{"self":[{"href":"https:\/\/insalud.gob.ve\/index.php?rest_route=\/wp\/v2\/posts\/10135"}],"collection":[{"href":"https:\/\/insalud.gob.ve\/index.php?rest_route=\/wp\/v2\/posts"}],"about":[{"href":"https:\/\/insalud.gob.ve\/index.php?rest_route=\/wp\/v2\/types\/post"}],"author":[{"embeddable":true,"href":"https:\/\/insalud.gob.ve\/index.php?rest_route=\/wp\/v2\/users\/2"}],"replies":[{"embeddable":true,"href":"https:\/\/insalud.gob.ve\/index.php?rest_route=%2Fwp%2Fv2%2Fcomments&post=10135"}],"version-history":[{"count":0,"href":"https:\/\/insalud.gob.ve\/index.php?rest_route=\/wp\/v2\/posts\/10135\/revisions"}],"wp:featuredmedia":[{"embeddable":true,"href":"https:\/\/insalud.gob.ve\/index.php?rest_route=\/wp\/v2\/media\/10138"}],"wp:attachment":[{"href":"https:\/\/insalud.gob.ve\/index.php?rest_route=%2Fwp%2Fv2%2Fmedia&parent=10135"}],"wp:term":[{"taxonomy":"category","embeddable":true,"href":"https:\/\/insalud.gob.ve\/index.php?rest_route=%2Fwp%2Fv2%2Fcategories&post=10135"},{"taxonomy":"post_tag","embeddable":true,"href":"https:\/\/insalud.gob.ve\/index.php?rest_route=%2Fwp%2Fv2%2Ftags&post=10135"}],"curies":[{"name":"wp","href":"https:\/\/api.w.org\/{rel}","templated":true}]}}