{"id":10140,"date":"2019-07-02T17:39:30","date_gmt":"2019-07-02T17:39:30","guid":{"rendered":"https:\/\/insalud.gob.ve\/?p=10140"},"modified":"2019-07-02T17:39:30","modified_gmt":"2019-07-02T17:39:30","slug":"mas-de-340-escolares-de-carabobo-participaron-en-encuesta-mundial-de-tabaquismo","status":"publish","type":"post","link":"https:\/\/insalud.gob.ve\/?p=10140","title":{"rendered":"M\u00e1s de 340 escolares de Carabobo participaron en Encuesta Mundial de Tabaquismo"},"content":{"rendered":"<p><a href=\"https:\/\/insalud.gob.ve\/?attachment_id=10141\" rel=\"attachment wp-att-10141\"><img loading=\"lazy\" class=\"alignleft size-medium wp-image-10141\" src=\"https:\/\/insalud.gob.ve\/wp-content\/uploads\/2019\/07\/H2-49-300x169.jpg\" alt=\"\" width=\"300\" height=\"169\" srcset=\"https:\/\/insalud.gob.ve\/wp-content\/uploads\/2019\/07\/H2-49-300x169.jpg 300w, https:\/\/insalud.gob.ve\/wp-content\/uploads\/2019\/07\/H2-49-768x432.jpg 768w, https:\/\/insalud.gob.ve\/wp-content\/uploads\/2019\/07\/H2-49-1024x576.jpg 1024w, https:\/\/insalud.gob.ve\/wp-content\/uploads\/2019\/07\/H2-49.jpg 1080w\" sizes=\"(max-width: 300px) 100vw, 300px\" \/><\/a>M\u00e1s de 340 escolares de diferentes instituciones del estado Carabobo, participaron en la Encuesta Mundial de Tabaquismo en J\u00f3venes (Emtajoven), actividad organizada cada diez a\u00f1os por la Organizaci\u00f3n Mundial de la Salud y la OPS, con el impulso del Programa Nacional Antitab\u00e1quico.<\/p>\n<p>Juan Carlos Y\u00e1nez, titular de la Fundaci\u00f3n Instituto Carabobe\u00f1o para la Salud (Insalud), inform\u00f3 que el proceso de selecci\u00f3n de las escuelas se realiz\u00f3 de forma aleatoria, a trav\u00e9s de un moderno software que permiti\u00f3 elegir a los planteles seg\u00fan densidad poblacional.<\/p>\n<p>\u201cEsta encuesta se aplic\u00f3 a 349 estudiantes de ocho instituciones de la regi\u00f3n, ubicadas en los municipios Valencia, Puerto Cabello, Libertador, Carlos Arvelo, adem\u00e1s de Guacara y San Joaqu\u00edn\u201d, se\u00f1al\u00f3. <a href=\"https:\/\/insalud.gob.ve\/?attachment_id=10142\" rel=\"attachment wp-att-10142\"><img loading=\"lazy\" class=\"aligncenter size-large wp-image-10142\" src=\"https:\/\/insalud.gob.ve\/wp-content\/uploads\/2019\/07\/H3-26-1024x576.jpg\" alt=\"\" width=\"618\" height=\"348\" srcset=\"https:\/\/insalud.gob.ve\/wp-content\/uploads\/2019\/07\/H3-26-1024x576.jpg 1024w, https:\/\/insalud.gob.ve\/wp-content\/uploads\/2019\/07\/H3-26-300x169.jpg 300w, https:\/\/insalud.gob.ve\/wp-content\/uploads\/2019\/07\/H3-26-768x432.jpg 768w, https:\/\/insalud.gob.ve\/wp-content\/uploads\/2019\/07\/H3-26.jpg 1080w\" sizes=\"(max-width: 618px) 100vw, 618px\" \/><\/a><\/p>\n<p>Al respecto, Y\u00e1nez indic\u00f3 que el cuestionario const\u00f3 de 63 preguntas y fue dirigido a los alumnos entre 7mo y 9no grado, con edades comprendidas de 12 a 15 a\u00f1os, con el prop\u00f3sito de explorar los conocimientos y las conductas de los estudiantes en relaci\u00f3n con el uso del cigarro.<\/p>\n<p><strong>Prevenir es salud<\/strong><\/p>\n<p>Por su parte, Diosa Jim\u00e9nez, coordinadora regional del programa de Cesaci\u00f3n Tab\u00e1quica, explic\u00f3 que durante la actividad se les imparti\u00f3 tambi\u00e9n charlas educativas a los j\u00f3venes, para orientarlos con respecto a los efectos nocivos del tabaco para la salud.<\/p>\n<p>Agreg\u00f3 que esta encuesta se desarrolla a nivel mundial para evaluar la prevalencia que tienen los diferentes pa\u00edses en cuanto al inicio del consumo del cigarro. \u201cLos resultados servir\u00e1n para corregir y establecer nuevas pol\u00edticas de salud para la atenci\u00f3n de los adolescentes y j\u00f3venes vinculados con este factor de riesgo\u201d, manifest\u00f3.<\/p>\n","protected":false},"excerpt":{"rendered":"<p>M\u00e1s de 340 escolares de diferentes instituciones del estado Carabobo, participaron en la Encuesta Mundial de Tabaquismo en J\u00f3venes (Emtajoven), actividad organizada cada diez a\u00f1os por la Organizaci\u00f3n Mundial de la Salud y la OPS, con el impulso del Programa Nacional Antitab\u00e1quico. Juan Carlos Y\u00e1nez, titular de la Fundaci\u00f3n Instituto Carabobe\u00f1o para la Salud (Insalud), &hellip;<\/p>\n","protected":false},"author":2,"featured_media":10143,"comment_status":"open","ping_status":"closed","sticky":false,"template":"","format":"standard","meta":[],"categories":[31],"tags":[],"_links":{"self":[{"href":"https:\/\/insalud.gob.ve\/index.php?rest_route=\/wp\/v2\/posts\/10140"}],"collection":[{"href":"https:\/\/insalud.gob.ve\/index.php?rest_route=\/wp\/v2\/posts"}],"about":[{"href":"https:\/\/insalud.gob.ve\/index.php?rest_route=\/wp\/v2\/types\/post"}],"author":[{"embeddable":true,"href":"https:\/\/insalud.gob.ve\/index.php?rest_route=\/wp\/v2\/users\/2"}],"replies":[{"embeddable":true,"href":"https:\/\/insalud.gob.ve\/index.php?rest_route=%2Fwp%2Fv2%2Fcomments&post=10140"}],"version-history":[{"count":0,"href":"https:\/\/insalud.gob.ve\/index.php?rest_route=\/wp\/v2\/posts\/10140\/revisions"}],"wp:featuredmedia":[{"embeddable":true,"href":"https:\/\/insalud.gob.ve\/index.php?rest_route=\/wp\/v2\/media\/10143"}],"wp:attachment":[{"href":"https:\/\/insalud.gob.ve\/index.php?rest_route=%2Fwp%2Fv2%2Fmedia&parent=10140"}],"wp:term":[{"taxonomy":"category","embeddable":true,"href":"https:\/\/insalud.gob.ve\/index.php?rest_route=%2Fwp%2Fv2%2Fcategories&post=10140"},{"taxonomy":"post_tag","embeddable":true,"href":"https:\/\/insalud.gob.ve\/index.php?rest_route=%2Fwp%2Fv2%2Ftags&post=10140"}],"curies":[{"name":"wp","href":"https:\/\/api.w.org\/{rel}","templated":true}]}}