{"id":10152,"date":"2019-07-08T17:58:30","date_gmt":"2019-07-08T17:58:30","guid":{"rendered":"https:\/\/insalud.gob.ve\/?p=10152"},"modified":"2019-07-08T17:58:30","modified_gmt":"2019-07-08T17:58:30","slug":"avanzan-talleres-de-sensibilizacion-sobre-el-autismo-en-escuelas-carabobenas","status":"publish","type":"post","link":"https:\/\/insalud.gob.ve\/?p=10152","title":{"rendered":"Avanzan talleres de sensibilizaci\u00f3n sobre el autismo en escuelas carabobe\u00f1as"},"content":{"rendered":"<p><a href=\"https:\/\/insalud.gob.ve\/?attachment_id=10153\" rel=\"attachment wp-att-10153\"><img loading=\"lazy\" class=\"alignleft size-medium wp-image-10153\" src=\"https:\/\/insalud.gob.ve\/wp-content\/uploads\/2019\/07\/H1-300x169.jpg\" alt=\"\" width=\"300\" height=\"169\" srcset=\"https:\/\/insalud.gob.ve\/wp-content\/uploads\/2019\/07\/H1-300x169.jpg 300w, https:\/\/insalud.gob.ve\/wp-content\/uploads\/2019\/07\/H1-768x432.jpg 768w, https:\/\/insalud.gob.ve\/wp-content\/uploads\/2019\/07\/H1.jpg 960w\" sizes=\"(max-width: 300px) 100vw, 300px\" \/><\/a>La Direcci\u00f3n de Atenci\u00f3n Integral a Personas con Discapacidad de la Fundaci\u00f3n Instituto Carabobe\u00f1o para la Salud (Insalud), en articulaci\u00f3n con la Secretar\u00eda de Educaci\u00f3n del Ejecutivo Regional, contin\u00faa realizando talleres de concienciaci\u00f3n sobre el autismo en las instituciones educativas p\u00fablicas y privadas de la regi\u00f3n.<\/p>\n<p>Juan Carlos Y\u00e1nez, presidente del mencionado ente regional, inform\u00f3 que este abordaje se viene desarrollando con la finalidad de brindar a los docentes las herramientas para la detecci\u00f3n temprana y manejo de los lineamientos para la atenci\u00f3n de los ni\u00f1os con esta condici\u00f3n especial en las aulas de clases convencionales.<\/p>\n<p>\u201cEstas acciones forman parte del trabajo que ejecuta todo el equipo regional de salud para impulsar la inclusi\u00f3n social y educativa en los Trastornos del Espectro del Autismo (TEA). A trav\u00e9s de estos talleres los maestros pueden conocer el modo adecuado para el acompa\u00f1amiento del ni\u00f1o, sensibilizando adem\u00e1s al resto de los estudiantes, desde la necesidad de aceptarlo tal y como es\u201d, dijo.<a href=\"https:\/\/insalud.gob.ve\/?attachment_id=10154\" rel=\"attachment wp-att-10154\"><img loading=\"lazy\" class=\"aligncenter size-large wp-image-10154\" src=\"https:\/\/insalud.gob.ve\/wp-content\/uploads\/2019\/07\/H2-1024x576.jpg\" alt=\"\" width=\"618\" height=\"348\" srcset=\"https:\/\/insalud.gob.ve\/wp-content\/uploads\/2019\/07\/H2-1024x576.jpg 1024w, https:\/\/insalud.gob.ve\/wp-content\/uploads\/2019\/07\/H2-300x169.jpg 300w, https:\/\/insalud.gob.ve\/wp-content\/uploads\/2019\/07\/H2-768x432.jpg 768w, https:\/\/insalud.gob.ve\/wp-content\/uploads\/2019\/07\/H2.jpg 1080w\" sizes=\"(max-width: 618px) 100vw, 618px\" \/><\/a><\/p>\n<p>Y\u00e1nez resalt\u00f3 las pol\u00edticas de salud y programas que ha ideado el gobierno bolivariano para el trato y asistencia integral a las personas con discapacidad, en funci\u00f3n de velar por el bienestar de este sector de la poblaci\u00f3n.<\/p>\n<p>En este sentido,\u00a0indic\u00f3 que recientemente se llev\u00f3 a cabo en la Base de Misiones Hugo Ch\u00e1vez Fr\u00edas, de Flor Amarillo, municipio Valencia, un curso de Clasificaci\u00f3n de la Funcionalidad y Discapacidad dirigido a 60 m\u00e9dicos.<\/p>\n<p>\u201cMediante esta formaci\u00f3n se ofrece al personal las nuevas estrategias a seguir para la clasificaci\u00f3n y calificaci\u00f3n de las personas con alguna imposibilidad, a trav\u00e9s de una nueva metodolog\u00eda que brinda el sistema VeQR\u201d, agreg\u00f3 el titular de Insalud.<\/p>\n","protected":false},"excerpt":{"rendered":"<p>La Direcci\u00f3n de Atenci\u00f3n Integral a Personas con Discapacidad de la Fundaci\u00f3n Instituto Carabobe\u00f1o para la Salud (Insalud), en articulaci\u00f3n con la Secretar\u00eda de Educaci\u00f3n del Ejecutivo Regional, contin\u00faa realizando talleres de concienciaci\u00f3n sobre el autismo en las instituciones educativas p\u00fablicas y privadas de la regi\u00f3n. Juan Carlos Y\u00e1nez, presidente del mencionado ente regional, inform\u00f3 &hellip;<\/p>\n","protected":false},"author":2,"featured_media":10153,"comment_status":"open","ping_status":"closed","sticky":false,"template":"","format":"standard","meta":[],"categories":[31],"tags":[],"_links":{"self":[{"href":"https:\/\/insalud.gob.ve\/index.php?rest_route=\/wp\/v2\/posts\/10152"}],"collection":[{"href":"https:\/\/insalud.gob.ve\/index.php?rest_route=\/wp\/v2\/posts"}],"about":[{"href":"https:\/\/insalud.gob.ve\/index.php?rest_route=\/wp\/v2\/types\/post"}],"author":[{"embeddable":true,"href":"https:\/\/insalud.gob.ve\/index.php?rest_route=\/wp\/v2\/users\/2"}],"replies":[{"embeddable":true,"href":"https:\/\/insalud.gob.ve\/index.php?rest_route=%2Fwp%2Fv2%2Fcomments&post=10152"}],"version-history":[{"count":0,"href":"https:\/\/insalud.gob.ve\/index.php?rest_route=\/wp\/v2\/posts\/10152\/revisions"}],"wp:featuredmedia":[{"embeddable":true,"href":"https:\/\/insalud.gob.ve\/index.php?rest_route=\/wp\/v2\/media\/10153"}],"wp:attachment":[{"href":"https:\/\/insalud.gob.ve\/index.php?rest_route=%2Fwp%2Fv2%2Fmedia&parent=10152"}],"wp:term":[{"taxonomy":"category","embeddable":true,"href":"https:\/\/insalud.gob.ve\/index.php?rest_route=%2Fwp%2Fv2%2Fcategories&post=10152"},{"taxonomy":"post_tag","embeddable":true,"href":"https:\/\/insalud.gob.ve\/index.php?rest_route=%2Fwp%2Fv2%2Ftags&post=10152"}],"curies":[{"name":"wp","href":"https:\/\/api.w.org\/{rel}","templated":true}]}}