{"id":10161,"date":"2019-07-08T18:23:21","date_gmt":"2019-07-08T18:23:21","guid":{"rendered":"https:\/\/insalud.gob.ve\/?p=10161"},"modified":"2019-07-08T18:23:21","modified_gmt":"2019-07-08T18:23:21","slug":"gobernador-lacava-reinauguro-ambulatorio-las-aguitas","status":"publish","type":"post","link":"https:\/\/insalud.gob.ve\/?p=10161","title":{"rendered":"Gobernador Lacava reinaugur\u00f3 Ambulatorio Las Ag\u00fcitas"},"content":{"rendered":"<p><a href=\"https:\/\/insalud.gob.ve\/?attachment_id=10162\" rel=\"attachment wp-att-10162\"><img loading=\"lazy\" class=\"alignleft size-medium wp-image-10162\" src=\"https:\/\/insalud.gob.ve\/wp-content\/uploads\/2019\/07\/H9-1-300x199.jpg\" alt=\"\" width=\"300\" height=\"199\" srcset=\"https:\/\/insalud.gob.ve\/wp-content\/uploads\/2019\/07\/H9-1-300x199.jpg 300w, https:\/\/insalud.gob.ve\/wp-content\/uploads\/2019\/07\/H9-1-768x509.jpg 768w, https:\/\/insalud.gob.ve\/wp-content\/uploads\/2019\/07\/H9-1-1024x679.jpg 1024w, https:\/\/insalud.gob.ve\/wp-content\/uploads\/2019\/07\/H9-1-310x205.jpg 310w, https:\/\/insalud.gob.ve\/wp-content\/uploads\/2019\/07\/H9-1.jpg 1289w\" sizes=\"(max-width: 300px) 100vw, 300px\" \/><\/a>El gobernador de Carabobo, Rafael Lacava junto al alcalde del municipio Los Guayos, Miguel Burgos, reinaugur\u00f3 este s\u00e1bado el Ambulatorio Las Ag\u00fcitas, el cual pas\u00f3 de atender 40 pacientes diarios a 200, aumentado de este modo la capacidad de respuesta asistencial para el beneficio de todos los habitantes de esta localidad.<\/p>\n<p>Tras la completa rehabilitaci\u00f3n y optimizaci\u00f3n de las \u00e1reas, el centro de salud cuenta por primera vez con consultas especializadas como Pediatr\u00eda, Traumatolog\u00eda, Ginecobstetricia, Endocrinolog\u00eda, entre otras.<\/p>\n<p>\u201cEstoy en compa\u00f1\u00eda del alcalde Burgos y de todo el equipo de trabajo que ha hecho posible la refracci\u00f3n total de este gigante ambulatorio que tenemos en Las Ag\u00fcitas, que se suma al ya reinaugurado en el casco central del municipio, para poder darle resultados a nuestra gente en materia de salud\u201d, expres\u00f3 el gobernador Lacava.<\/p>\n<p>Especific\u00f3 que el establecimiento posee adem\u00e1s sala de parto, preparto, puerperio, emergencia, observaci\u00f3n de hombres y mujeres, as\u00ed como inmunizaci\u00f3n, farmacia y habitaciones de descanso para el personal.<a href=\"https:\/\/insalud.gob.ve\/?attachment_id=10163\" rel=\"attachment wp-att-10163\"><img loading=\"lazy\" class=\"aligncenter size-large wp-image-10163\" src=\"https:\/\/insalud.gob.ve\/wp-content\/uploads\/2019\/07\/H1-77-1024x679.jpg\" alt=\"\" width=\"618\" height=\"410\" srcset=\"https:\/\/insalud.gob.ve\/wp-content\/uploads\/2019\/07\/H1-77-1024x679.jpg 1024w, https:\/\/insalud.gob.ve\/wp-content\/uploads\/2019\/07\/H1-77-300x199.jpg 300w, https:\/\/insalud.gob.ve\/wp-content\/uploads\/2019\/07\/H1-77-768x509.jpg 768w, https:\/\/insalud.gob.ve\/wp-content\/uploads\/2019\/07\/H1-77-310x205.jpg 310w, https:\/\/insalud.gob.ve\/wp-content\/uploads\/2019\/07\/H1-77.jpg 1289w\" sizes=\"(max-width: 618px) 100vw, 618px\" \/><\/a><\/p>\n<p>\u201cCabe destacar que este ambulatorio no se tocaba desde el a\u00f1o 1978, cuando fue inaugurado. Hoy fue remodelado en su totalidad y se podr\u00e1 tratar cualquier patolog\u00eda, inclusive enfermedades infecciosas y a pacientes con problemas respiratorios, d\u00e1ndole cobertura al mayor n\u00famero posible de usuarios. Estamos enfocados en la atenci\u00f3n primaria para que no se congestionen los grandes hospitales del estado como el Hospital Central de Valencia, el Carabobo, Prince Lara de Puerto Cabello y el Malpica de Guacara\u201d, agreg\u00f3.<\/p>\n<p><strong>Atenci\u00f3n las 24 horas<\/strong><\/p>\n<p>El mandatario regional asegur\u00f3 que el recinto funcionar\u00e1 las 24 horas del d\u00eda, para brindar un servicio digno y oportuno a los vecinos de la zona. \u201cMe voy muy contento de Los Guayos porque seguro estoy que las m\u00e1s de 6 mil personas que podr\u00e1n ser atendidas mensualmente en este ambulatorio no tendr\u00e1n la necesidad de buscar la asistencia en otro lado\u201d, dijo.<a href=\"https:\/\/insalud.gob.ve\/?attachment_id=10164\" rel=\"attachment wp-att-10164\"><img loading=\"lazy\" class=\"aligncenter size-large wp-image-10164\" src=\"https:\/\/insalud.gob.ve\/wp-content\/uploads\/2019\/07\/H8-2-1024x679.jpg\" alt=\"\" width=\"618\" height=\"410\" srcset=\"https:\/\/insalud.gob.ve\/wp-content\/uploads\/2019\/07\/H8-2-1024x679.jpg 1024w, https:\/\/insalud.gob.ve\/wp-content\/uploads\/2019\/07\/H8-2-300x199.jpg 300w, https:\/\/insalud.gob.ve\/wp-content\/uploads\/2019\/07\/H8-2-768x509.jpg 768w, https:\/\/insalud.gob.ve\/wp-content\/uploads\/2019\/07\/H8-2-310x205.jpg 310w, https:\/\/insalud.gob.ve\/wp-content\/uploads\/2019\/07\/H8-2.jpg 1289w\" sizes=\"(max-width: 618px) 100vw, 618px\" \/><\/a><\/p>\n<p>Por \u00faltimo, Rafael Lacava, manifest\u00f3 su gratitud al Ejecutivo nacional por el empuje que le ha dado a la red p\u00fablica de salud del estado. \u201cGracias presidente Maduro por hacer de nuestro sistema de salud una de nuestras grandes fortalezas; usted se ha convertido en el protector de Carabobo. No nos vamos a detener, vamos a seguir avanzado d\u00eda a d\u00eda en la consolidaci\u00f3n del sistema regional de salud\u201d, coment\u00f3.<a href=\"https:\/\/insalud.gob.ve\/?attachment_id=10165\" rel=\"attachment wp-att-10165\"><img loading=\"lazy\" class=\"aligncenter size-large wp-image-10165\" src=\"https:\/\/insalud.gob.ve\/wp-content\/uploads\/2019\/07\/C1-Rafael-Lacava-1-1024x679.jpg\" alt=\"\" width=\"618\" height=\"410\" srcset=\"https:\/\/insalud.gob.ve\/wp-content\/uploads\/2019\/07\/C1-Rafael-Lacava-1-1024x679.jpg 1024w, https:\/\/insalud.gob.ve\/wp-content\/uploads\/2019\/07\/C1-Rafael-Lacava-1-300x199.jpg 300w, https:\/\/insalud.gob.ve\/wp-content\/uploads\/2019\/07\/C1-Rafael-Lacava-1-768x509.jpg 768w, https:\/\/insalud.gob.ve\/wp-content\/uploads\/2019\/07\/C1-Rafael-Lacava-1-310x205.jpg 310w, https:\/\/insalud.gob.ve\/wp-content\/uploads\/2019\/07\/C1-Rafael-Lacava-1.jpg 1289w\" sizes=\"(max-width: 618px) 100vw, 618px\" \/><\/a><\/p>\n<p>&nbsp;<\/p>\n","protected":false},"excerpt":{"rendered":"<p>El gobernador de Carabobo, Rafael Lacava junto al alcalde del municipio Los Guayos, Miguel Burgos, reinaugur\u00f3 este s\u00e1bado el Ambulatorio Las Ag\u00fcitas, el cual pas\u00f3 de atender 40 pacientes diarios a 200, aumentado de este modo la capacidad de respuesta asistencial para el beneficio de todos los habitantes de esta localidad. Tras la completa rehabilitaci\u00f3n &hellip;<\/p>\n","protected":false},"author":2,"featured_media":0,"comment_status":"open","ping_status":"closed","sticky":false,"template":"","format":"standard","meta":[],"categories":[31],"tags":[],"_links":{"self":[{"href":"https:\/\/insalud.gob.ve\/index.php?rest_route=\/wp\/v2\/posts\/10161"}],"collection":[{"href":"https:\/\/insalud.gob.ve\/index.php?rest_route=\/wp\/v2\/posts"}],"about":[{"href":"https:\/\/insalud.gob.ve\/index.php?rest_route=\/wp\/v2\/types\/post"}],"author":[{"embeddable":true,"href":"https:\/\/insalud.gob.ve\/index.php?rest_route=\/wp\/v2\/users\/2"}],"replies":[{"embeddable":true,"href":"https:\/\/insalud.gob.ve\/index.php?rest_route=%2Fwp%2Fv2%2Fcomments&post=10161"}],"version-history":[{"count":0,"href":"https:\/\/insalud.gob.ve\/index.php?rest_route=\/wp\/v2\/posts\/10161\/revisions"}],"wp:attachment":[{"href":"https:\/\/insalud.gob.ve\/index.php?rest_route=%2Fwp%2Fv2%2Fmedia&parent=10161"}],"wp:term":[{"taxonomy":"category","embeddable":true,"href":"https:\/\/insalud.gob.ve\/index.php?rest_route=%2Fwp%2Fv2%2Fcategories&post=10161"},{"taxonomy":"post_tag","embeddable":true,"href":"https:\/\/insalud.gob.ve\/index.php?rest_route=%2Fwp%2Fv2%2Ftags&post=10161"}],"curies":[{"name":"wp","href":"https:\/\/api.w.org\/{rel}","templated":true}]}}