{"id":10167,"date":"2019-07-11T16:15:24","date_gmt":"2019-07-11T16:15:24","guid":{"rendered":"https:\/\/insalud.gob.ve\/?p=10167"},"modified":"2019-07-11T16:15:24","modified_gmt":"2019-07-11T16:15:24","slug":"con-entrega-de-dotacion-lacava-celebro-6to-aniversario-de-uci-neonatal-en-puerto-cabello","status":"publish","type":"post","link":"https:\/\/insalud.gob.ve\/?p=10167","title":{"rendered":"Con entrega de dotaci\u00f3n Lacava celebr\u00f3 6to aniversario de UCI Neonatal en Puerto Cabello"},"content":{"rendered":"<p><a href=\"https:\/\/insalud.gob.ve\/?attachment_id=10169\" rel=\"attachment wp-att-10169\"><img loading=\"lazy\" class=\"alignleft size-medium wp-image-10169\" src=\"https:\/\/insalud.gob.ve\/wp-content\/uploads\/2019\/07\/H1-78-300x200.jpg\" alt=\"\" width=\"300\" height=\"200\" srcset=\"https:\/\/insalud.gob.ve\/wp-content\/uploads\/2019\/07\/H1-78-300x200.jpg 300w, https:\/\/insalud.gob.ve\/wp-content\/uploads\/2019\/07\/H1-78-768x512.jpg 768w, https:\/\/insalud.gob.ve\/wp-content\/uploads\/2019\/07\/H1-78-1024x682.jpg 1024w, https:\/\/insalud.gob.ve\/wp-content\/uploads\/2019\/07\/H1-78.jpg 2000w\" sizes=\"(max-width: 300px) 100vw, 300px\" \/><\/a>Este mi\u00e9rcoles el gobernador de Carabobo, Rafael Lacava, dot\u00f3 de monitores multipar\u00e1metros, bombas de infusiones y otros equipos m\u00e9dicos a la Unidad de Cuidados Intensivos Neonatal \u201cDr. Luis Vargas\u201d (UCIN), en el municipio Puerto Cabello, durante el acto de celebraci\u00f3n del 6to aniversario de este centro de salud exclusivo para la atenci\u00f3n de reci\u00e9n nacidos.<\/p>\n<p>Acompa\u00f1ado de todo el personal que all\u00ed labora con destacable dedicaci\u00f3n, el mandatario regional visit\u00f3 todas las \u00e1reas para constatar el funcionamiento y conversar con las madres de los peque\u00f1os que se encuentran hospitalizados en dicha unidad.<\/p>\n<p>\u201cMe siento muy feliz y orgulloso por este sexto aniversario del centro Neonatal de Puerto Cabello, donde m\u00e1s de 2 mil ni\u00f1os han sido atendidos de manera gratuita con una tasa de supervivencia por encima del 90 por ciento. Esto se hizo cuando yo era Alcalde, precisamente por la necesidad que ten\u00eda el municipio y zonas aleda\u00f1as de poder atender a los neonatos de manera correcta y oportuna\u201d, dijo gobernador Lacava.<\/p>\n<p>Cabe destacar que, esta UCI Neonatal tiene capacidad para 18 camas entre cuidados intermedios, intensivos y m\u00ednimos para reci\u00e9n nacidos de hasta 28 d\u00edas, adem\u00e1s cuenta con un lactario institucional aprobado por el Ministerio del Poder Popular para la Salud (Mpps).<a href=\"https:\/\/insalud.gob.ve\/?attachment_id=10170\" rel=\"attachment wp-att-10170\"><img loading=\"lazy\" class=\"aligncenter size-large wp-image-10170\" src=\"https:\/\/insalud.gob.ve\/wp-content\/uploads\/2019\/07\/C3-Isabel-Figueredo-1024x682.jpg\" alt=\"\" width=\"618\" height=\"412\" srcset=\"https:\/\/insalud.gob.ve\/wp-content\/uploads\/2019\/07\/C3-Isabel-Figueredo-1024x682.jpg 1024w, https:\/\/insalud.gob.ve\/wp-content\/uploads\/2019\/07\/C3-Isabel-Figueredo-300x200.jpg 300w, https:\/\/insalud.gob.ve\/wp-content\/uploads\/2019\/07\/C3-Isabel-Figueredo-768x512.jpg 768w, https:\/\/insalud.gob.ve\/wp-content\/uploads\/2019\/07\/C3-Isabel-Figueredo.jpg 2000w\" sizes=\"(max-width: 618px) 100vw, 618px\" \/><\/a><\/p>\n<p><strong>Centro de referencia regional y nacional<\/strong><\/p>\n<p>Esta unidad de salud es referencia a escala regional y nacional, debido a que no solo recibe a pacientes de la localidad, sino tambi\u00e9n de otras ciudades de Carabobo, inclusive de estados circunvecinos como Cojedes, Yaracuy, Falc\u00f3n y Aragua.<\/p>\n<p>\u201cUn agradecimiento formal a nuestro presidente Nicol\u00e1s Maduro por habernos permitido hacer que este centro se desarrollara en estos seis a\u00f1os. Hoy (mi\u00e9rcoles), estamos entregando cunas, medicamentos y monitores, ampliando la capacidad de seguir atendiendo a los ni\u00f1os. Felicito a todo los doctores, enfermeras y obreros que dieron vida a la vida; aqu\u00ed se evidenci\u00f3 ese cambio que aspir\u00e1bamos y quer\u00edamos, larga vida a los ni\u00f1os que entren a este Neonatal\u201d, manifest\u00f3 el Ejecutivo regional.<\/p>\n<p>Luego del recorrido y acompa\u00f1ado por ni\u00f1os y adultos, Lacava y todos los asistentes cantaron el cumplea\u00f1os feliz por tan auspiciosa fecha.<\/p>\n<p><strong>Concierto instrumental y jornada de salud<\/strong><\/p>\n<p>La actividad cont\u00f3 tambi\u00e9n con un concierto instrumental a cargo de la Banda Municipal, as\u00ed como con una Jornada Integral de Salud, donde los asistentes disfrutaron de diferentes servicios m\u00e9dicos, entre los que destacan: inmunizaci\u00f3n, consulta general, entrega de medicamentos, toma de tensi\u00f3n arterial, entre otros.<\/p>\n<p>Isabel Figueredo, quien recibi\u00f3 sus medicinas gratuitamente, expres\u00f3 su gratitud hacia el Gobernador por las mejoras realizadas en el sector salud. \u201cExcelente este tipo de jornadas en beneficio del pueblo y muy contenta por el aniversario de esta Neonatal donde se han ayudado a tantos ni\u00f1os\u201d, se\u00f1al\u00f3.<\/p>\n<p>Asimismo, Ileana Orellana, residente del sector Santa Cruz, resalt\u00f3 el trabajo impulsado por el gobierno regional y local a favor de todos los habitantes. \u201cEsperamos contar con su apoyo siempre; feliz porque esta obra se ha mantenido en el tiempo, hay ni\u00f1os con dificultades que necesitan esta atenci\u00f3n\u201d, opin\u00f3.<\/p>\n","protected":false},"excerpt":{"rendered":"<p>Este mi\u00e9rcoles el gobernador de Carabobo, Rafael Lacava, dot\u00f3 de monitores multipar\u00e1metros, bombas de infusiones y otros equipos m\u00e9dicos a la Unidad de Cuidados Intensivos Neonatal \u201cDr. Luis Vargas\u201d (UCIN), en el municipio Puerto Cabello, durante el acto de celebraci\u00f3n del 6to aniversario de este centro de salud exclusivo para la atenci\u00f3n de reci\u00e9n nacidos. &hellip;<\/p>\n","protected":false},"author":2,"featured_media":10171,"comment_status":"open","ping_status":"closed","sticky":false,"template":"","format":"standard","meta":[],"categories":[31],"tags":[],"_links":{"self":[{"href":"https:\/\/insalud.gob.ve\/index.php?rest_route=\/wp\/v2\/posts\/10167"}],"collection":[{"href":"https:\/\/insalud.gob.ve\/index.php?rest_route=\/wp\/v2\/posts"}],"about":[{"href":"https:\/\/insalud.gob.ve\/index.php?rest_route=\/wp\/v2\/types\/post"}],"author":[{"embeddable":true,"href":"https:\/\/insalud.gob.ve\/index.php?rest_route=\/wp\/v2\/users\/2"}],"replies":[{"embeddable":true,"href":"https:\/\/insalud.gob.ve\/index.php?rest_route=%2Fwp%2Fv2%2Fcomments&post=10167"}],"version-history":[{"count":0,"href":"https:\/\/insalud.gob.ve\/index.php?rest_route=\/wp\/v2\/posts\/10167\/revisions"}],"wp:featuredmedia":[{"embeddable":true,"href":"https:\/\/insalud.gob.ve\/index.php?rest_route=\/wp\/v2\/media\/10171"}],"wp:attachment":[{"href":"https:\/\/insalud.gob.ve\/index.php?rest_route=%2Fwp%2Fv2%2Fmedia&parent=10167"}],"wp:term":[{"taxonomy":"category","embeddable":true,"href":"https:\/\/insalud.gob.ve\/index.php?rest_route=%2Fwp%2Fv2%2Fcategories&post=10167"},{"taxonomy":"post_tag","embeddable":true,"href":"https:\/\/insalud.gob.ve\/index.php?rest_route=%2Fwp%2Fv2%2Ftags&post=10167"}],"curies":[{"name":"wp","href":"https:\/\/api.w.org\/{rel}","templated":true}]}}