{"id":10178,"date":"2019-07-15T18:02:25","date_gmt":"2019-07-15T18:02:25","guid":{"rendered":"https:\/\/insalud.gob.ve\/?p=10178"},"modified":"2019-07-15T18:02:25","modified_gmt":"2019-07-15T18:02:25","slug":"gobernador-lacava-inicio-campana-nacional-de-vacunacion-contra-la-poliomielitis-en-carabobo","status":"publish","type":"post","link":"https:\/\/insalud.gob.ve\/?p=10178","title":{"rendered":"Gobernador Lacava inici\u00f3 Campa\u00f1a Nacional de Vacunaci\u00f3n Contra la Poliomielitis en Carabobo"},"content":{"rendered":"<p><a href=\"https:\/\/insalud.gob.ve\/?attachment_id=10179\" rel=\"attachment wp-att-10179\"><img loading=\"lazy\" class=\"alignleft size-medium wp-image-10179\" src=\"https:\/\/insalud.gob.ve\/wp-content\/uploads\/2019\/07\/H1-79-300x197.jpg\" alt=\"\" width=\"300\" height=\"197\" srcset=\"https:\/\/insalud.gob.ve\/wp-content\/uploads\/2019\/07\/H1-79-300x197.jpg 300w, https:\/\/insalud.gob.ve\/wp-content\/uploads\/2019\/07\/H1-79-768x503.jpg 768w, https:\/\/insalud.gob.ve\/wp-content\/uploads\/2019\/07\/H1-79-1024x671.jpg 1024w, https:\/\/insalud.gob.ve\/wp-content\/uploads\/2019\/07\/H1-79-310x205.jpg 310w, https:\/\/insalud.gob.ve\/wp-content\/uploads\/2019\/07\/H1-79.jpg 2000w\" sizes=\"(max-width: 300px) 100vw, 300px\" \/><\/a>Desde el urbanismo Ciudad Plaza, en la parroquia Rafael Urdaneta de Valencia, el gobernador Rafael Lacava, dio inicio este domingo a la Campa\u00f1a Nacional de Vacunaci\u00f3n contra la Poliomielitis\u00a0 \u201cDos Goticas de Amor\u201d, jornada que responde a las pol\u00edticas en materia de salud que viene desarrollando el Ejecutivo Nacional con el fin de brindar bienestar a la poblaci\u00f3n venezolana.<b><\/b><\/p>\n<p>En compa\u00f1\u00eda del alcalde de Valencia Alejandro Marvez, del secretario general de Gobierno, Jes\u00fas Santander y del presidente de la Fundaci\u00f3n Instituto Carabobe\u00f1o para la Salud, INSALUD, Juan Carlos Y\u00e1nez, el mandatario regional inform\u00f3 que en la regi\u00f3n se proyecta inmunizar a m\u00e1s de 209 mil ni\u00f1os, con edades comprendidas entre los dos meses y cinco a\u00f1os de edad.<\/p>\n<p>\u201cHoy (domingo) estamos arrancando este milagroso plan de vacunaci\u00f3n que se estar\u00e1 llevando a cabo hasta el pr\u00f3ximo 11 de agosto. La meta para Carabobo es aplicar un total de 209 mil 045 dosis de polio; esa es la directriz de nuestro presidente Nicol\u00e1s Maduro, para que no se quede ning\u00fan ni\u00f1o sin recibir su vacuna y complete su esquema de inmunizaci\u00f3n\u201d, manifest\u00f3.<\/p>\n<p>En este sentido, explic\u00f3 que para el despliegue de esta campa\u00f1a estar\u00e1n activos 204 puntos fijos, distribuidos en los ambulatorios, hospitales, CDI, puestos de alcald\u00edas, Ipasme, sedes del Seguro Social y cl\u00ednicas privadas, sumado al trabajo \u201ccasa a casa\u201d que efectuar\u00e1n los equipos pertenecientes a los 859 consultorios populares que abarcan los 14 municipios de la entidad.<a href=\"https:\/\/insalud.gob.ve\/?attachment_id=10180\" rel=\"attachment wp-att-10180\"><img loading=\"lazy\" class=\"aligncenter size-large wp-image-10180\" src=\"https:\/\/insalud.gob.ve\/wp-content\/uploads\/2019\/07\/H2-54-1024x682.jpg\" alt=\"\" width=\"618\" height=\"412\" srcset=\"https:\/\/insalud.gob.ve\/wp-content\/uploads\/2019\/07\/H2-54-1024x682.jpg 1024w, https:\/\/insalud.gob.ve\/wp-content\/uploads\/2019\/07\/H2-54-300x200.jpg 300w, https:\/\/insalud.gob.ve\/wp-content\/uploads\/2019\/07\/H2-54-768x512.jpg 768w, https:\/\/insalud.gob.ve\/wp-content\/uploads\/2019\/07\/H2-54.jpg 2000w\" sizes=\"(max-width: 618px) 100vw, 618px\" \/><\/a><\/p>\n<p>El gobernador Lacava, asever\u00f3 que esta actividad consiste en la administraci\u00f3n gratuita de una dosis adicional de la vacuna Polio Oral, a trav\u00e9s de dos goticas, para garantizar la protecci\u00f3n de todos los peque\u00f1os contra esta enfermedad.<\/p>\n<p><b>Prevenci\u00f3n de salud<\/b><\/p>\n<p>En este contexto, el mandatario regional, invit\u00f3 a los padres y representantes a llevar a sus hijos menores al centro de salud de su preferencia para que estos reciban esta dosis de la vacuna polio oral.<\/p>\n<p>\u201cEl que est\u00e9 consciente en la necesidad e importancia de esta campa\u00f1a debe decirle al vecino, a sus familiares y amigos, que lleven a sus hijos al puesto m\u00e1s cercano para inmunizarlos y protegerlos contra la poliomielitis\u201d, agreg\u00f3.<a href=\"https:\/\/insalud.gob.ve\/?attachment_id=10181\" rel=\"attachment wp-att-10181\"><img loading=\"lazy\" class=\"aligncenter size-large wp-image-10181\" src=\"https:\/\/insalud.gob.ve\/wp-content\/uploads\/2019\/07\/C2-Alejandro-M\u00e1rvez-1024x682.jpg\" alt=\"\" width=\"618\" height=\"412\" srcset=\"https:\/\/insalud.gob.ve\/wp-content\/uploads\/2019\/07\/C2-Alejandro-M\u00e1rvez-1024x682.jpg 1024w, https:\/\/insalud.gob.ve\/wp-content\/uploads\/2019\/07\/C2-Alejandro-M\u00e1rvez-300x200.jpg 300w, https:\/\/insalud.gob.ve\/wp-content\/uploads\/2019\/07\/C2-Alejandro-M\u00e1rvez-768x512.jpg 768w, https:\/\/insalud.gob.ve\/wp-content\/uploads\/2019\/07\/C2-Alejandro-M\u00e1rvez.jpg 2000w\" sizes=\"(max-width: 618px) 100vw, 618px\" \/><\/a><\/p>\n<p>Por su parte, el alcalde Alejandro Marvez, destac\u00f3 que el gobierno bolivariano sigue comprometido con el pueblo, trabajando por la salud de todos. \u201cAqu\u00ed estamos junto al presidente Maduro y gobernador Lacava, como una sola llave, demostrando que este Gobierno es responsable y trabaja por la poblaci\u00f3n. La revoluci\u00f3n est\u00e1 garantizando esta vacunaci\u00f3n para el desarrollo de los ni\u00f1os\u201d, precis\u00f3.<\/p>\n<p><b>\u00a0Actividades recreativas y deportivas<\/b><\/p>\n<p>Cabe mencionar que, durante esta \u201cFiesta de la Salud\u201d los peque\u00f1os disfrutaron de actividades recreativas y deportivas, acciones que promueven el entretenimiento sano en la colectividad.<\/p>\n<p>Belquis Medina, representante de un ni\u00f1o vacunado, se mostr\u00f3 agradecida por el despliegue de esta campa\u00f1a. \u201cMuy buena, justa y necesaria esta jornada para los ni\u00f1os de nuestra comunidad. Gracias presidente Maduro \u00a0y gobernador Lacava, sigan as\u00ed, este es el Gobierno que necesitamos\u201d, expres\u00f3.<\/p>\n<p>De igual modo, \u00a0Denir\u00e9 Garc\u00eda, hizo un llamado a la ciudadan\u00eda para que se sumen a estas iniciativas en\u00a0 favor de la poblaci\u00f3n. \u201cEs importante que todos sean part\u00edcipes de estas jornadas; de verdad agradezco al presidente Maduro y al gobernador Lacava por todo lo que est\u00e1n haciendo\u201d, se\u00f1al\u00f3.<\/p>\n","protected":false},"excerpt":{"rendered":"<p>Desde el urbanismo Ciudad Plaza, en la parroquia Rafael Urdaneta de Valencia, el gobernador Rafael Lacava, dio inicio este domingo a la Campa\u00f1a Nacional de Vacunaci\u00f3n contra la Poliomielitis\u00a0 \u201cDos Goticas de Amor\u201d, jornada que responde a las pol\u00edticas en materia de salud que viene desarrollando el Ejecutivo Nacional con el fin de brindar bienestar &hellip;<\/p>\n","protected":false},"author":2,"featured_media":10179,"comment_status":"open","ping_status":"closed","sticky":false,"template":"","format":"standard","meta":[],"categories":[31],"tags":[],"_links":{"self":[{"href":"https:\/\/insalud.gob.ve\/index.php?rest_route=\/wp\/v2\/posts\/10178"}],"collection":[{"href":"https:\/\/insalud.gob.ve\/index.php?rest_route=\/wp\/v2\/posts"}],"about":[{"href":"https:\/\/insalud.gob.ve\/index.php?rest_route=\/wp\/v2\/types\/post"}],"author":[{"embeddable":true,"href":"https:\/\/insalud.gob.ve\/index.php?rest_route=\/wp\/v2\/users\/2"}],"replies":[{"embeddable":true,"href":"https:\/\/insalud.gob.ve\/index.php?rest_route=%2Fwp%2Fv2%2Fcomments&post=10178"}],"version-history":[{"count":0,"href":"https:\/\/insalud.gob.ve\/index.php?rest_route=\/wp\/v2\/posts\/10178\/revisions"}],"wp:featuredmedia":[{"embeddable":true,"href":"https:\/\/insalud.gob.ve\/index.php?rest_route=\/wp\/v2\/media\/10179"}],"wp:attachment":[{"href":"https:\/\/insalud.gob.ve\/index.php?rest_route=%2Fwp%2Fv2%2Fmedia&parent=10178"}],"wp:term":[{"taxonomy":"category","embeddable":true,"href":"https:\/\/insalud.gob.ve\/index.php?rest_route=%2Fwp%2Fv2%2Fcategories&post=10178"},{"taxonomy":"post_tag","embeddable":true,"href":"https:\/\/insalud.gob.ve\/index.php?rest_route=%2Fwp%2Fv2%2Ftags&post=10178"}],"curies":[{"name":"wp","href":"https:\/\/api.w.org\/{rel}","templated":true}]}}