{"id":10184,"date":"2019-07-18T15:39:04","date_gmt":"2019-07-18T15:39:04","guid":{"rendered":"https:\/\/insalud.gob.ve\/?p=10184"},"modified":"2019-07-18T15:39:04","modified_gmt":"2019-07-18T15:39:04","slug":"programa-de-planificacion-familiar-carabobo-te-quiero-atendio-120-mujeres-en-los-guayos","status":"publish","type":"post","link":"https:\/\/insalud.gob.ve\/?p=10184","title":{"rendered":"Programa de planificaci\u00f3n familiar \u201cCarabobo Te Quiero\u201d atendi\u00f3 120 mujeres en Los Guayos"},"content":{"rendered":"<p><a href=\"https:\/\/insalud.gob.ve\/?attachment_id=10185\" rel=\"attachment wp-att-10185\"><img loading=\"lazy\" class=\"alignleft size-medium wp-image-10185\" src=\"https:\/\/insalud.gob.ve\/wp-content\/uploads\/2019\/07\/H2-1-300x225.jpg\" alt=\"\" width=\"300\" height=\"225\" srcset=\"https:\/\/insalud.gob.ve\/wp-content\/uploads\/2019\/07\/H2-1-300x225.jpg 300w, https:\/\/insalud.gob.ve\/wp-content\/uploads\/2019\/07\/H2-1-768x576.jpg 768w, https:\/\/insalud.gob.ve\/wp-content\/uploads\/2019\/07\/H2-1-1024x768.jpg 1024w, https:\/\/insalud.gob.ve\/wp-content\/uploads\/2019\/07\/H2-1.jpg 1080w\" sizes=\"(max-width: 300px) 100vw, 300px\" \/><\/a>Continuando con el programa de planificaci\u00f3n familiar \u201cCarabobo Te Quiero, se llev\u00f3 a cabo una jornada especial en cuatro centros asistenciales del municipio Los Guayos, donde fueron atendidas 120 carabobe\u00f1as con la colocaci\u00f3n de la inyecci\u00f3n intrad\u00e9rmica (Sayana Press) y el Dispositivo Intrauterino (DIU).<\/p>\n<p>Juan Carlos Y\u00e1nez, titular de la Fundaci\u00f3n Instituto Carabobe\u00f1o para la Salud (Insalud), inform\u00f3 que la actividad se desarroll\u00f3 de manera simult\u00e1nea en el CDI y Seguro Social de Paraparal, as\u00ed como en los ambulatorios Las Ag\u00fcitas y Los Guayos, para lo cual fueron activadas seis consultas ginecol\u00f3gicas, con el prop\u00f3sito de brindar asistencia oportuna y de calidad a las f\u00e9minas que iniciaron su control de natalidad.<\/p>\n<p>\u201cTodos los entes de salud de Carabobo seguimos trabajando unidos en el fortalecimiento de este programa de planificaci\u00f3n familiar, impulsado por nuestro gobernador Rafael Lacava. En esta ocasi\u00f3n contamos con el apoyo del alcalde Miguel Burgos para arrancar y avanzar con este plan en el municipio Los Guayos, con el fin de ofrecer nuevas alternativas a las carabobe\u00f1as que desean sumarse a esta iniciativa\u201d, dijo.<\/p>\n<p>Y\u00e1nez especific\u00f3 que durante la jornada se insertaron 84 DIU y aplicaron 36 inyecciones a mujeres entre los 15 y 35 a\u00f1os de edad. \u201cAmbos m\u00e9todos anticonceptivos son muy seguros y tienen pocos efectos secundarios para la salud, en el caso del Sayana Press tiene una duraci\u00f3n de tres meses, mientras que el dispositivo intrauterino tiene un lapso de hasta cinco a\u00f1os\u201d, explic\u00f3. <a href=\"https:\/\/insalud.gob.ve\/?attachment_id=10186\" rel=\"attachment wp-att-10186\"><img loading=\"lazy\" class=\"aligncenter size-full wp-image-10186\" src=\"https:\/\/insalud.gob.ve\/wp-content\/uploads\/2019\/07\/H1.-SAYANA.jpg\" alt=\"\" width=\"490\" height=\"619\" srcset=\"https:\/\/insalud.gob.ve\/wp-content\/uploads\/2019\/07\/H1.-SAYANA.jpg 490w, https:\/\/insalud.gob.ve\/wp-content\/uploads\/2019\/07\/H1.-SAYANA-237x300.jpg 237w\" sizes=\"(max-width: 490px) 100vw, 490px\" \/><\/a><\/p>\n<p>En cuanto al objetivo primordial de este programa social, el funcionario regional reiter\u00f3 que a trav\u00e9s de este se busca prevenir los embarazos no deseados y disminuir la morbimortalidad materna feto-neonatal.<\/p>\n<p>\u201cEstas acciones est\u00e1n orientadas a atender las necesidades de anticoncepci\u00f3n de los sectores m\u00e1s vulnerables, por eso mediante este proyecto estamos en la capacidad de dar respuesta a todas aquellas mujeres que no tienen la posibilidad de asistir a un centro privado\u201d, manifest\u00f3.<\/p>\n<p>Para finalizar, el presidente de Insalud, asegur\u00f3 que estos m\u00e9todos anticonceptivos se est\u00e1n colocando de forma gratuita en los principales hospitales y ambulatorios de la regi\u00f3n; las damas interesadas en acceder a este programa pueden dirigirse al establecimiento de salud m\u00e1s cercano donde recibir\u00e1 la informaci\u00f3n por parte del personal.<\/p>\n","protected":false},"excerpt":{"rendered":"<p>Continuando con el programa de planificaci\u00f3n familiar \u201cCarabobo Te Quiero, se llev\u00f3 a cabo una jornada especial en cuatro centros asistenciales del municipio Los Guayos, donde fueron atendidas 120 carabobe\u00f1as con la colocaci\u00f3n de la inyecci\u00f3n intrad\u00e9rmica (Sayana Press) y el Dispositivo Intrauterino (DIU). Juan Carlos Y\u00e1nez, titular de la Fundaci\u00f3n Instituto Carabobe\u00f1o para la &hellip;<\/p>\n","protected":false},"author":2,"featured_media":10185,"comment_status":"open","ping_status":"closed","sticky":false,"template":"","format":"standard","meta":[],"categories":[31],"tags":[],"_links":{"self":[{"href":"https:\/\/insalud.gob.ve\/index.php?rest_route=\/wp\/v2\/posts\/10184"}],"collection":[{"href":"https:\/\/insalud.gob.ve\/index.php?rest_route=\/wp\/v2\/posts"}],"about":[{"href":"https:\/\/insalud.gob.ve\/index.php?rest_route=\/wp\/v2\/types\/post"}],"author":[{"embeddable":true,"href":"https:\/\/insalud.gob.ve\/index.php?rest_route=\/wp\/v2\/users\/2"}],"replies":[{"embeddable":true,"href":"https:\/\/insalud.gob.ve\/index.php?rest_route=%2Fwp%2Fv2%2Fcomments&post=10184"}],"version-history":[{"count":0,"href":"https:\/\/insalud.gob.ve\/index.php?rest_route=\/wp\/v2\/posts\/10184\/revisions"}],"wp:featuredmedia":[{"embeddable":true,"href":"https:\/\/insalud.gob.ve\/index.php?rest_route=\/wp\/v2\/media\/10185"}],"wp:attachment":[{"href":"https:\/\/insalud.gob.ve\/index.php?rest_route=%2Fwp%2Fv2%2Fmedia&parent=10184"}],"wp:term":[{"taxonomy":"category","embeddable":true,"href":"https:\/\/insalud.gob.ve\/index.php?rest_route=%2Fwp%2Fv2%2Fcategories&post=10184"},{"taxonomy":"post_tag","embeddable":true,"href":"https:\/\/insalud.gob.ve\/index.php?rest_route=%2Fwp%2Fv2%2Ftags&post=10184"}],"curies":[{"name":"wp","href":"https:\/\/api.w.org\/{rel}","templated":true}]}}