{"id":10188,"date":"2019-07-19T16:36:59","date_gmt":"2019-07-19T16:36:59","guid":{"rendered":"https:\/\/insalud.gob.ve\/?p=10188"},"modified":"2019-07-19T16:36:59","modified_gmt":"2019-07-19T16:36:59","slug":"lacava-reinauguro-centro-de-atencion-integral-para-el-quemado-puerto-cabello-te-quiero","status":"publish","type":"post","link":"https:\/\/insalud.gob.ve\/?p=10188","title":{"rendered":"Lacava reinaugur\u00f3 Centro de Atenci\u00f3n Integral  para el Quemado \u201cPuerto Cabello Te Quiero\u201d"},"content":{"rendered":"<p><a href=\"https:\/\/insalud.gob.ve\/?attachment_id=10189\" rel=\"attachment wp-att-10189\"><img loading=\"lazy\" class=\"alignleft size-medium wp-image-10189\" src=\"https:\/\/insalud.gob.ve\/wp-content\/uploads\/2019\/07\/H1-80-300x199.jpg\" alt=\"\" width=\"300\" height=\"199\" srcset=\"https:\/\/insalud.gob.ve\/wp-content\/uploads\/2019\/07\/H1-80-300x199.jpg 300w, https:\/\/insalud.gob.ve\/wp-content\/uploads\/2019\/07\/H1-80-768x510.jpg 768w, https:\/\/insalud.gob.ve\/wp-content\/uploads\/2019\/07\/H1-80-1024x680.jpg 1024w, https:\/\/insalud.gob.ve\/wp-content\/uploads\/2019\/07\/H1-80-310x205.jpg 310w, https:\/\/insalud.gob.ve\/wp-content\/uploads\/2019\/07\/H1-80.jpg 2000w\" sizes=\"(max-width: 300px) 100vw, 300px\" \/><\/a>El gobernador del estado Carabobo, Rafael Lacava, a trav\u00e9s de un pase televisivo reinaugur\u00f3 este jueves el Centro de Atenci\u00f3n Integral para el Quemado \u201cPuerto Cabello Te Quiero\u201d del Hospital Dr. Adolfo Prince Lara, que asistir\u00e1 de forma especializada y gratuita a pacientes con m\u00e1s del 20% de quemaduras a nivel corporal.<\/p>\n<p>El mandatario regional, acompa\u00f1ado del director del nosocomio, Ram\u00f3n Rojas; la vicepresidenta m\u00e9dica de Insalud, Lenik Hon, y la directora de la red hospitalaria de la entidad, Jonna Acero, recorri\u00f3 las nuevas instalaciones, las cuales fueron restituidas en su totalidad y dotadas con equipamiento de avanzada tecnolog\u00eda, as\u00ed como de los insumos y medicamentos.<\/p>\n<p>\u201cMe complace presentar este gran logro que hemos consolidado conjuntamente con el Gobierno Nacional, gracias presidente Maduro por ese apoyo irrestricto que usted nos da d\u00eda a d\u00eda a la salud de este estado. Hoy (jueves) estamos entregando este maravilloso centro para poder atender simult\u00e1neamente a cuatro pacientes en condici\u00f3n de quemado, con m\u00e1s del 20% de quemaduras en todo el cuerpo y hasta las profundas\u201d, dijo.<a href=\"https:\/\/insalud.gob.ve\/?attachment_id=10190\" rel=\"attachment wp-att-10190\"><img loading=\"lazy\" class=\"aligncenter size-large wp-image-10190\" src=\"https:\/\/insalud.gob.ve\/wp-content\/uploads\/2019\/07\/H7-11-1024x682.jpg\" alt=\"\" width=\"618\" height=\"412\" srcset=\"https:\/\/insalud.gob.ve\/wp-content\/uploads\/2019\/07\/H7-11-1024x682.jpg 1024w, https:\/\/insalud.gob.ve\/wp-content\/uploads\/2019\/07\/H7-11-300x200.jpg 300w, https:\/\/insalud.gob.ve\/wp-content\/uploads\/2019\/07\/H7-11-768x512.jpg 768w, https:\/\/insalud.gob.ve\/wp-content\/uploads\/2019\/07\/H7-11.jpg 2000w\" sizes=\"(max-width: 618px) 100vw, 618px\" \/><\/a><\/p>\n<p>En cuanto a la capacidad de asistencia, el gobernador Lacava, precis\u00f3 que el centro tiene una sala de ba\u00f1oterapia, \u00e1reas de hospitalizaci\u00f3n para adultos con tres camas y una para paciente pedi\u00e1trico.<\/p>\n<p>Agreg\u00f3 que los espacios poseen\u00a0ventilaci\u00f3n mec\u00e1nica para dar respuesta oportuna a los pacientes en cuidados intensivos dentro del Centro de Atenci\u00f3n Integral para el Quemado \u201cPuerto Cabello Te Quiero\u201d.<\/p>\n<p>\u201cAqu\u00ed tenemos los monitores, ventiladores, las camas, las bombas de infusi\u00f3n que pudieron ser adquiridas de \u00faltima generaci\u00f3n para poder tratar de manera gratuita a m\u00e1s de tres millones de personas del centro del pa\u00eds\u201d, asever\u00f3.<\/p>\n<p><strong>\u00c1rea quir\u00fargica<\/strong><\/p>\n<p>De igual manera, se\u00f1al\u00f3 que el centro cuenta con un quir\u00f3fano, donde se podr\u00e1n realizar tratamientos y procedimientos con el fin de brindar una mejor atenci\u00f3n. \u201cTodos los quemados requieren tener una atenci\u00f3n en quir\u00f3fano para reconstruirle e injertarle la piel\u201d, a\u00f1adi\u00f3 Lacava.<\/p>\n<p>El Ejecutivo regional, consider\u00f3 esta obra como un avance para la salud de Venezuela. \u201cMe siento muy orgulloso de poder seguir plante\u00e1ndole al pa\u00eds y al estado Carabobo buenas noticias en materia hospitalaria. Agradezco a todos los que han hecho posible que se siga avanzando a pesar de las dificultades, estamos haciendo m\u00e1s con menos y eso dice mucho del equipo que est\u00e1 al frente de la salud carabobe\u00f1a, aqu\u00ed estamos para dar soluciones y resultados, y es lo que estamos haciendo\u201d, concluy\u00f3 Rafael Lacava.<\/p>\n<p>&nbsp;<\/p>\n","protected":false},"excerpt":{"rendered":"<p>El gobernador del estado Carabobo, Rafael Lacava, a trav\u00e9s de un pase televisivo reinaugur\u00f3 este jueves el Centro de Atenci\u00f3n Integral para el Quemado \u201cPuerto Cabello Te Quiero\u201d del Hospital Dr. Adolfo Prince Lara, que asistir\u00e1 de forma especializada y gratuita a pacientes con m\u00e1s del 20% de quemaduras a nivel corporal. El mandatario regional, &hellip;<\/p>\n","protected":false},"author":2,"featured_media":10191,"comment_status":"open","ping_status":"closed","sticky":false,"template":"","format":"standard","meta":[],"categories":[31],"tags":[],"_links":{"self":[{"href":"https:\/\/insalud.gob.ve\/index.php?rest_route=\/wp\/v2\/posts\/10188"}],"collection":[{"href":"https:\/\/insalud.gob.ve\/index.php?rest_route=\/wp\/v2\/posts"}],"about":[{"href":"https:\/\/insalud.gob.ve\/index.php?rest_route=\/wp\/v2\/types\/post"}],"author":[{"embeddable":true,"href":"https:\/\/insalud.gob.ve\/index.php?rest_route=\/wp\/v2\/users\/2"}],"replies":[{"embeddable":true,"href":"https:\/\/insalud.gob.ve\/index.php?rest_route=%2Fwp%2Fv2%2Fcomments&post=10188"}],"version-history":[{"count":0,"href":"https:\/\/insalud.gob.ve\/index.php?rest_route=\/wp\/v2\/posts\/10188\/revisions"}],"wp:featuredmedia":[{"embeddable":true,"href":"https:\/\/insalud.gob.ve\/index.php?rest_route=\/wp\/v2\/media\/10191"}],"wp:attachment":[{"href":"https:\/\/insalud.gob.ve\/index.php?rest_route=%2Fwp%2Fv2%2Fmedia&parent=10188"}],"wp:term":[{"taxonomy":"category","embeddable":true,"href":"https:\/\/insalud.gob.ve\/index.php?rest_route=%2Fwp%2Fv2%2Fcategories&post=10188"},{"taxonomy":"post_tag","embeddable":true,"href":"https:\/\/insalud.gob.ve\/index.php?rest_route=%2Fwp%2Fv2%2Ftags&post=10188"}],"curies":[{"name":"wp","href":"https:\/\/api.w.org\/{rel}","templated":true}]}}