{"id":10194,"date":"2019-07-22T16:15:49","date_gmt":"2019-07-22T16:15:49","guid":{"rendered":"https:\/\/insalud.gob.ve\/?p=10194"},"modified":"2019-07-22T16:15:49","modified_gmt":"2019-07-22T16:15:49","slug":"insalud-entrego-juguetes-a-ninos-hospitalizados-en-centros-asistenciales-de-carabobo","status":"publish","type":"post","link":"https:\/\/insalud.gob.ve\/?p=10194","title":{"rendered":"Insalud entreg\u00f3 juguetes a ni\u00f1os hospitalizados en centros asistenciales de Carabobo"},"content":{"rendered":"<p><a href=\"https:\/\/insalud.gob.ve\/?attachment_id=10195\" rel=\"attachment wp-att-10195\"><img loading=\"lazy\" class=\"alignleft size-medium wp-image-10195\" src=\"https:\/\/insalud.gob.ve\/wp-content\/uploads\/2019\/07\/V3-300x286.jpg\" alt=\"\" width=\"300\" height=\"286\" srcset=\"https:\/\/insalud.gob.ve\/wp-content\/uploads\/2019\/07\/V3-300x286.jpg 300w, https:\/\/insalud.gob.ve\/wp-content\/uploads\/2019\/07\/V3.jpg 768w\" sizes=\"(max-width: 300px) 100vw, 300px\" \/><\/a>En una emotiva y colorida actividad, el equipo de la Fundaci\u00f3n Instituto Carabobe\u00f1o para la Salud (Insalud) entreg\u00f3 juguetes en los principales centros asistenciales del estado,\u00a0a prop\u00f3sito del D\u00eda del Ni\u00f1o.<\/p>\n<p>As\u00ed lo inform\u00f3 el presidente del mencionado ente regional, Juan Carlos Y\u00e1nez, quien asever\u00f3 que\u00a0durante la actividad se beneficiaron\u00a0a unos 560 peque\u00f1os\u00a0 hospitalizados en las diferentes \u00e1reas m\u00e9dicas.<\/p>\n<p>\u00abEsta acciones responden al inter\u00e9s y compromiso que tiene el gobernador Rafael Lacava con todos los ni\u00f1os. Para nosotros es un placer llevar en este d\u00eda alegr\u00eda y amor a los chiquitos que reciben atenci\u00f3n en los hospitales de la regi\u00f3n\u00bb, manifest\u00f3.<\/p>\n<p>Entre los recintos visitados, Y\u00e1nez detall\u00f3 los hospitales Distrital de Bejuma, Dr. Carlos Sanda de G\u00fcig\u00fce, Julia Ben\u00edtez en Guacara,\u00a0 Pedi\u00e1trico Mar\u00eda Torres\u00a0del\u00a0municipio Libertador, adem\u00e1s de la Ciudad Hospitalaria Dr. Enrique Tejera y Maternidad del Sur,\u00a0 entre otros.<a href=\"https:\/\/insalud.gob.ve\/?attachment_id=10196\" rel=\"attachment wp-att-10196\"><img loading=\"lazy\" class=\"aligncenter size-large wp-image-10196\" src=\"https:\/\/insalud.gob.ve\/wp-content\/uploads\/2019\/07\/H1-2-8-1024x1024.jpg\" alt=\"\" width=\"618\" height=\"618\" srcset=\"https:\/\/insalud.gob.ve\/wp-content\/uploads\/2019\/07\/H1-2-8-1024x1024.jpg 1024w, https:\/\/insalud.gob.ve\/wp-content\/uploads\/2019\/07\/H1-2-8-150x150.jpg 150w, https:\/\/insalud.gob.ve\/wp-content\/uploads\/2019\/07\/H1-2-8-300x300.jpg 300w, https:\/\/insalud.gob.ve\/wp-content\/uploads\/2019\/07\/H1-2-8-768x768.jpg 768w, https:\/\/insalud.gob.ve\/wp-content\/uploads\/2019\/07\/H1-2-8.jpg 1080w\" sizes=\"(max-width: 618px) 100vw, 618px\" \/><\/a><\/p>\n<p>\u00abLa entrega se realiz\u00f3 durante dos d\u00edas y estuvo a cargo de un equipo que trabaja por cumplir con los programas sociales que adelanta el Ejecutivo regional, orientados en el bienestar del pueblo carabobe\u00f1o\u00bb, concluy\u00f3.<a href=\"https:\/\/insalud.gob.ve\/?attachment_id=10197\" rel=\"attachment wp-att-10197\"><img loading=\"lazy\" class=\"aligncenter size-large wp-image-10197\" src=\"https:\/\/insalud.gob.ve\/wp-content\/uploads\/2019\/07\/V1-5-768x1024.jpg\" alt=\"\" width=\"618\" height=\"824\" srcset=\"https:\/\/insalud.gob.ve\/wp-content\/uploads\/2019\/07\/V1-5-768x1024.jpg 768w, https:\/\/insalud.gob.ve\/wp-content\/uploads\/2019\/07\/V1-5-225x300.jpg 225w, https:\/\/insalud.gob.ve\/wp-content\/uploads\/2019\/07\/V1-5.jpg 810w\" sizes=\"(max-width: 618px) 100vw, 618px\" \/><\/a><\/p>\n<p><strong>\u00a0<\/strong><\/p>\n<p><strong>\u00a0<\/strong><\/p>\n","protected":false},"excerpt":{"rendered":"<p>En una emotiva y colorida actividad, el equipo de la Fundaci\u00f3n Instituto Carabobe\u00f1o para la Salud (Insalud) entreg\u00f3 juguetes en los principales centros asistenciales del estado,\u00a0a prop\u00f3sito del D\u00eda del Ni\u00f1o. As\u00ed lo inform\u00f3 el presidente del mencionado ente regional, Juan Carlos Y\u00e1nez, quien asever\u00f3 que\u00a0durante la actividad se beneficiaron\u00a0a unos 560 peque\u00f1os\u00a0 hospitalizados en &hellip;<\/p>\n","protected":false},"author":2,"featured_media":10195,"comment_status":"open","ping_status":"closed","sticky":false,"template":"","format":"standard","meta":[],"categories":[31],"tags":[],"_links":{"self":[{"href":"https:\/\/insalud.gob.ve\/index.php?rest_route=\/wp\/v2\/posts\/10194"}],"collection":[{"href":"https:\/\/insalud.gob.ve\/index.php?rest_route=\/wp\/v2\/posts"}],"about":[{"href":"https:\/\/insalud.gob.ve\/index.php?rest_route=\/wp\/v2\/types\/post"}],"author":[{"embeddable":true,"href":"https:\/\/insalud.gob.ve\/index.php?rest_route=\/wp\/v2\/users\/2"}],"replies":[{"embeddable":true,"href":"https:\/\/insalud.gob.ve\/index.php?rest_route=%2Fwp%2Fv2%2Fcomments&post=10194"}],"version-history":[{"count":0,"href":"https:\/\/insalud.gob.ve\/index.php?rest_route=\/wp\/v2\/posts\/10194\/revisions"}],"wp:featuredmedia":[{"embeddable":true,"href":"https:\/\/insalud.gob.ve\/index.php?rest_route=\/wp\/v2\/media\/10195"}],"wp:attachment":[{"href":"https:\/\/insalud.gob.ve\/index.php?rest_route=%2Fwp%2Fv2%2Fmedia&parent=10194"}],"wp:term":[{"taxonomy":"category","embeddable":true,"href":"https:\/\/insalud.gob.ve\/index.php?rest_route=%2Fwp%2Fv2%2Fcategories&post=10194"},{"taxonomy":"post_tag","embeddable":true,"href":"https:\/\/insalud.gob.ve\/index.php?rest_route=%2Fwp%2Fv2%2Ftags&post=10194"}],"curies":[{"name":"wp","href":"https:\/\/api.w.org\/{rel}","templated":true}]}}