{"id":10213,"date":"2019-08-08T18:59:09","date_gmt":"2019-08-08T18:59:09","guid":{"rendered":"https:\/\/insalud.gob.ve\/?p=10213"},"modified":"2019-08-08T18:59:09","modified_gmt":"2019-08-08T18:59:09","slug":"insalud-arranco-celebracion-de-semana-mundial-de-la-lactancia-materna-2019","status":"publish","type":"post","link":"https:\/\/insalud.gob.ve\/?p=10213","title":{"rendered":"Insalud arranc\u00f3 celebraci\u00f3n de Semana Mundial de la Lactancia Materna 2019"},"content":{"rendered":"<p><a href=\"https:\/\/insalud.gob.ve\/?attachment_id=10214\" rel=\"attachment wp-att-10214\"><img loading=\"lazy\" class=\"alignleft size-medium wp-image-10214\" src=\"https:\/\/insalud.gob.ve\/wp-content\/uploads\/2019\/08\/H1-1-300x225.jpg\" alt=\"\" width=\"300\" height=\"225\" srcset=\"https:\/\/insalud.gob.ve\/wp-content\/uploads\/2019\/08\/H1-1-300x225.jpg 300w, https:\/\/insalud.gob.ve\/wp-content\/uploads\/2019\/08\/H1-1-768x576.jpg 768w, https:\/\/insalud.gob.ve\/wp-content\/uploads\/2019\/08\/H1-1-1024x768.jpg 1024w, https:\/\/insalud.gob.ve\/wp-content\/uploads\/2019\/08\/H1-1.jpg 1080w\" sizes=\"(max-width: 300px) 100vw, 300px\" \/><\/a>A trav\u00e9s de diferentes actividades educativas y de sensibilizaci\u00f3n, la Fundaci\u00f3n Instituto Carabobe\u00f1o para la Salud (Insalud) conjuntamente con la Misi\u00f3n Barrio Adentro, inici\u00f3 la celebraci\u00f3n de la Semana Mundial de la Lactancia Materna 2019, para promover esta pr\u00e1ctica como fuente natural de nutrientes, amor y motivaci\u00f3n para todos los ni\u00f1os.<\/p>\n<p>Juan Carlos Y\u00e1nez, presidente de Insalud, asever\u00f3 que esta programaci\u00f3n se estar\u00e1 desarrollando hasta el 31 de agosto en los principales centros asistenciales y consultorios populares, ubicados en las 47 \u00c1reas de Salud Integral Comunitaria (ASIC) del estado Carabobo.<\/p>\n<p>\u201cEstas tareas incluyen el abordaje integral de las madres lactantes y las embarazadas, para que mediante el conocimiento comprendan la importancia y los beneficios que aporta la leche materna a los peque\u00f1os de forma exclusiva hasta los 6 meses de vida y complementada hasta los 2 a\u00f1os de edad\u201d, a\u00f1adi\u00f3.<\/p>\n<p>En este sentido, Y\u00e1nez especific\u00f3 que la agenda preparada abarca sesiones formativas, talleres, consejer\u00edas, adem\u00e1s de la graduaci\u00f3n de beb\u00e9s y actividades recreativas como el lienzo sobre barriga, entre otras.\u00a0<a href=\"https:\/\/insalud.gob.ve\/?attachment_id=10215\" rel=\"attachment wp-att-10215\"><img loading=\"lazy\" class=\"aligncenter size-large wp-image-10215\" src=\"https:\/\/insalud.gob.ve\/wp-content\/uploads\/2019\/08\/H3-1-1024x614.jpg\" alt=\"\" width=\"618\" height=\"371\" srcset=\"https:\/\/insalud.gob.ve\/wp-content\/uploads\/2019\/08\/H3-1-1024x614.jpg 1024w, https:\/\/insalud.gob.ve\/wp-content\/uploads\/2019\/08\/H3-1-300x180.jpg 300w, https:\/\/insalud.gob.ve\/wp-content\/uploads\/2019\/08\/H3-1-768x461.jpg 768w, https:\/\/insalud.gob.ve\/wp-content\/uploads\/2019\/08\/H3-1.jpg 1080w\" sizes=\"(max-width: 618px) 100vw, 618px\" \/><\/a><\/p>\n<p>\u201cEsta es una gesti\u00f3n comprometida con la promoci\u00f3n de todas estas tareas para una lactancia materna temprana y continuada. Esta\u00a0pr\u00e1ctica de salud garantiza no solo el\u00a0 bienestar del ni\u00f1o sino tambi\u00e9n el de la madre, pues ayuda a prevenir enfermedades, inclusive disminuye las posibilidades de depresi\u00f3n postparto\u201d, manifest\u00f3.<\/p>\n<p><strong>Capacitaci\u00f3n integral y permanente<\/strong><\/p>\n<p>De igual modo, el funcionario regional afirm\u00f3 que el instituto mantiene los programas de capacitaci\u00f3n del personal de salud, principalmente el de Enfermer\u00eda, con el fin de fortalecer y proteger estas acciones.<\/p>\n<p>\u201cNuestro deber es contar con un equipo de salud calificado y humanizado, que siempre acompa\u00f1e y guie a las madres en el proceso de amantar, as\u00ed como en todo lo relacionado al embarazo, parto y postparto\u201d, expres\u00f3 Y\u00e1nez.<\/p>\n","protected":false},"excerpt":{"rendered":"<p>A trav\u00e9s de diferentes actividades educativas y de sensibilizaci\u00f3n, la Fundaci\u00f3n Instituto Carabobe\u00f1o para la Salud (Insalud) conjuntamente con la Misi\u00f3n Barrio Adentro, inici\u00f3 la celebraci\u00f3n de la Semana Mundial de la Lactancia Materna 2019, para promover esta pr\u00e1ctica como fuente natural de nutrientes, amor y motivaci\u00f3n para todos los ni\u00f1os. Juan Carlos Y\u00e1nez, presidente &hellip;<\/p>\n","protected":false},"author":2,"featured_media":10214,"comment_status":"open","ping_status":"closed","sticky":false,"template":"","format":"standard","meta":[],"categories":[31],"tags":[],"_links":{"self":[{"href":"https:\/\/insalud.gob.ve\/index.php?rest_route=\/wp\/v2\/posts\/10213"}],"collection":[{"href":"https:\/\/insalud.gob.ve\/index.php?rest_route=\/wp\/v2\/posts"}],"about":[{"href":"https:\/\/insalud.gob.ve\/index.php?rest_route=\/wp\/v2\/types\/post"}],"author":[{"embeddable":true,"href":"https:\/\/insalud.gob.ve\/index.php?rest_route=\/wp\/v2\/users\/2"}],"replies":[{"embeddable":true,"href":"https:\/\/insalud.gob.ve\/index.php?rest_route=%2Fwp%2Fv2%2Fcomments&post=10213"}],"version-history":[{"count":0,"href":"https:\/\/insalud.gob.ve\/index.php?rest_route=\/wp\/v2\/posts\/10213\/revisions"}],"wp:featuredmedia":[{"embeddable":true,"href":"https:\/\/insalud.gob.ve\/index.php?rest_route=\/wp\/v2\/media\/10214"}],"wp:attachment":[{"href":"https:\/\/insalud.gob.ve\/index.php?rest_route=%2Fwp%2Fv2%2Fmedia&parent=10213"}],"wp:term":[{"taxonomy":"category","embeddable":true,"href":"https:\/\/insalud.gob.ve\/index.php?rest_route=%2Fwp%2Fv2%2Fcategories&post=10213"},{"taxonomy":"post_tag","embeddable":true,"href":"https:\/\/insalud.gob.ve\/index.php?rest_route=%2Fwp%2Fv2%2Ftags&post=10213"}],"curies":[{"name":"wp","href":"https:\/\/api.w.org\/{rel}","templated":true}]}}