{"id":10217,"date":"2019-08-13T18:49:16","date_gmt":"2019-08-13T18:49:16","guid":{"rendered":"https:\/\/insalud.gob.ve\/?p=10217"},"modified":"2019-08-13T18:49:16","modified_gmt":"2019-08-13T18:49:16","slug":"plan-nacional-de-desparasitacion-llegara-a-escuelas-de-carabobo-en-septiembre","status":"publish","type":"post","link":"https:\/\/insalud.gob.ve\/?p=10217","title":{"rendered":"Plan Nacional de Desparasitaci\u00f3n llegar\u00e1 a escuelas de Carabobo en septiembre"},"content":{"rendered":"<p><a href=\"https:\/\/insalud.gob.ve\/?attachment_id=10218\" rel=\"attachment wp-att-10218\"><img loading=\"lazy\" class=\"alignleft wp-image-10218 size-medium\" src=\"https:\/\/insalud.gob.ve\/wp-content\/uploads\/2019\/08\/H1-2-300x168.jpg\" alt=\"\" width=\"300\" height=\"168\" srcset=\"https:\/\/insalud.gob.ve\/wp-content\/uploads\/2019\/08\/H1-2-300x168.jpg 300w, https:\/\/insalud.gob.ve\/wp-content\/uploads\/2019\/08\/H1-2-768x431.jpg 768w, https:\/\/insalud.gob.ve\/wp-content\/uploads\/2019\/08\/H1-2-1024x575.jpg 1024w, https:\/\/insalud.gob.ve\/wp-content\/uploads\/2019\/08\/H1-2.jpg 1080w\" sizes=\"(max-width: 300px) 100vw, 300px\" \/><\/a>Como parte del Plan Nacional de Desparasitaci\u00f3n \u201cLa Salud va a la Escuela\u201d, el Gobierno de Carabobo a trav\u00e9s de Insalud, en articulaci\u00f3n con la Zona Educativa, inici\u00f3 la capacitaci\u00f3n de un grupo de docentes de la regi\u00f3n con el fin de incrementar la atenci\u00f3n de ni\u00f1os y ni\u00f1as en las aulas de clases, mediante jornadas de prevenci\u00f3n y control de parasitosis intestinal para el nuevo per\u00edodo escolar 2019-2020.<\/p>\n<p>Juan Carlos Y\u00e1nez, presidente de la Fundaci\u00f3n Instituto Carabobe\u00f1o para la Salud (Insalud), indic\u00f3 que posterior al proceso de formaci\u00f3n, el personal educativo bajo supervisi\u00f3n del equipo regional de Salud Ambiental, tendr\u00e1 la tarea de administrar a los estudiantes el antiparasitario v\u00eda oral, el cual consiste en una dosis \u00fanica de \u201cAlbendazol\u201d de 400 mg, en tableta masticable.<\/p>\n<p>\u201cLa aplicaci\u00f3n de este medicamento es segura, sencilla y no representa ning\u00fan riesgo para los peque\u00f1os\u201d, precis\u00f3.<\/p>\n<p>Y\u00e1nez asegur\u00f3 que estas jornadas de desparasitaci\u00f3n comenzar\u00e1n en una primera fase el pr\u00f3ximo mes de septiembre, en todas las instituciones p\u00fablicas de la entidad, para atender a m\u00e1s de 275 mil estudiantes de educaci\u00f3n inicial y primaria, con edades comprendidas entre los 3 y 12 a\u00f1os.<\/p>\n<p>\u201cSiguiendo lineamientos del Gobierno nacional a trav\u00e9s de los ministerios de Salud y Educaci\u00f3n, y del gobernador Rafael Lacava afianzaremos estas jornadas, contribuyendo al logro de un mejor estado de salud de la poblaci\u00f3n infantil\u201d, manifest\u00f3 Y\u00e1nez.<\/p>\n<p>Para finalizar, resalt\u00f3 que los docentes cumplen un rol fundamental en la ejecuci\u00f3n de las actividades de prevenci\u00f3n de enfermedades en los ni\u00f1os en edad escolar, \u201cy qu\u00e9 mejor que el aula para fortalecer estas acciones, raz\u00f3n por la que de forma conjunta y coordinada con los maestros podemos trabajar por y para el bienestar de los alumnos\u201d.aulas de clases, mediante jornadas de prevenci\u00f3n y control de parasitosis intestinal para el nuevo per\u00edodo escolar 2019-2020.<\/p>\n<p>&nbsp;<\/p>\n","protected":false},"excerpt":{"rendered":"<p>Como parte del Plan Nacional de Desparasitaci\u00f3n \u201cLa Salud va a la Escuela\u201d, el Gobierno de Carabobo a trav\u00e9s de Insalud, en articulaci\u00f3n con la Zona Educativa, inici\u00f3 la capacitaci\u00f3n de un grupo de docentes de la regi\u00f3n con el fin de incrementar la atenci\u00f3n de ni\u00f1os y ni\u00f1as en las aulas de clases, mediante &hellip;<\/p>\n","protected":false},"author":2,"featured_media":10218,"comment_status":"open","ping_status":"closed","sticky":false,"template":"","format":"standard","meta":[],"categories":[31],"tags":[],"_links":{"self":[{"href":"https:\/\/insalud.gob.ve\/index.php?rest_route=\/wp\/v2\/posts\/10217"}],"collection":[{"href":"https:\/\/insalud.gob.ve\/index.php?rest_route=\/wp\/v2\/posts"}],"about":[{"href":"https:\/\/insalud.gob.ve\/index.php?rest_route=\/wp\/v2\/types\/post"}],"author":[{"embeddable":true,"href":"https:\/\/insalud.gob.ve\/index.php?rest_route=\/wp\/v2\/users\/2"}],"replies":[{"embeddable":true,"href":"https:\/\/insalud.gob.ve\/index.php?rest_route=%2Fwp%2Fv2%2Fcomments&post=10217"}],"version-history":[{"count":0,"href":"https:\/\/insalud.gob.ve\/index.php?rest_route=\/wp\/v2\/posts\/10217\/revisions"}],"wp:featuredmedia":[{"embeddable":true,"href":"https:\/\/insalud.gob.ve\/index.php?rest_route=\/wp\/v2\/media\/10218"}],"wp:attachment":[{"href":"https:\/\/insalud.gob.ve\/index.php?rest_route=%2Fwp%2Fv2%2Fmedia&parent=10217"}],"wp:term":[{"taxonomy":"category","embeddable":true,"href":"https:\/\/insalud.gob.ve\/index.php?rest_route=%2Fwp%2Fv2%2Fcategories&post=10217"},{"taxonomy":"post_tag","embeddable":true,"href":"https:\/\/insalud.gob.ve\/index.php?rest_route=%2Fwp%2Fv2%2Ftags&post=10217"}],"curies":[{"name":"wp","href":"https:\/\/api.w.org\/{rel}","templated":true}]}}