{"id":10378,"date":"2019-12-10T17:02:01","date_gmt":"2019-12-10T17:02:01","guid":{"rendered":"https:\/\/insalud.gob.ve\/?p=10378"},"modified":"2019-12-10T17:02:01","modified_gmt":"2019-12-10T17:02:01","slug":"con-dotacion-de-insumos-y-actividades-preventivas-celebraron-en-las-aguitas-dia-mundial-de-la-diabetes","status":"publish","type":"post","link":"https:\/\/insalud.gob.ve\/?p=10378","title":{"rendered":"Con dotaci\u00f3n de insumos y actividades preventivas celebraron en Las Ag\u00fcitas D\u00eda Mundial de la Diabetes"},"content":{"rendered":"<p><a href=\"https:\/\/insalud.gob.ve\/?attachment_id=10379\" rel=\"attachment wp-att-10379\"><img loading=\"lazy\" class=\"alignleft size-medium wp-image-10379\" src=\"https:\/\/insalud.gob.ve\/wp-content\/uploads\/2019\/12\/H3-35-300x233.jpg\" alt=\"\" width=\"300\" height=\"233\" srcset=\"https:\/\/insalud.gob.ve\/wp-content\/uploads\/2019\/12\/H3-35-300x233.jpg 300w, https:\/\/insalud.gob.ve\/wp-content\/uploads\/2019\/12\/H3-35-768x598.jpg 768w, https:\/\/insalud.gob.ve\/wp-content\/uploads\/2019\/12\/H3-35-1024x797.jpg 1024w, https:\/\/insalud.gob.ve\/wp-content\/uploads\/2019\/12\/H3-35.jpg 1289w\" sizes=\"(max-width: 300px) 100vw, 300px\" \/><\/a>El ambulatorio Las Ag\u00fcitas recibi\u00f3 la dotaci\u00f3n de gluc\u00f3metros y tensi\u00f3metros, durante el foro y despistaje de glicemia organizado conjuntamente entre la Gobernaci\u00f3n de Carabobo y la Alcald\u00eda de Los Guayos en conmemoraci\u00f3n del D\u00eda Mundial de la Diabetes.<\/p>\n<p>En este contexto, la Primera Combatiente de la localidad, Mervelis de Burgos, expres\u00f3 que<\/p>\n<p>\u201cgracias a nuestro presidente Nicol\u00e1s Maduro, al gobernador Rafael Lacava, a la primera combatiente, Nancy de Lacava y al alcalde Miguel Burgos por imp\u00f3rtales y ocuparse de la salud de nuestro municipio. Hoy 14 de noviembre nos encontramos en el ambulatorio Las Ag\u00fcitas para conmemorar el D\u00eda Mundial de la Diabetes, para lo cual hemos organizado un evento para todos los habitantes del municipio Los Guayos\u201d.<\/p>\n<p>Indic\u00f3 que aunado a la jornada preventiva, se realiz\u00f3 una entrega de insumos para el control de los pacientes con esta condici\u00f3n de salud. \u201cCon el apoyo de nuestra Primera Combatiente, estamos recibiendo la dotaci\u00f3n de gluc\u00f3metros y tensi\u00f3metros para este y otros centros del municipio\u201d, afirm\u00f3.<\/p>\n<p>Mervelis de Burgos, aprovech\u00f3 la oportunidad para hacer un llamado a la ciudadan\u00eda a mantener pr\u00e1cticas saludables que disminuyan los riegos. \u201cQueremos concientizar a la poblaci\u00f3n de sembrar la cultura preventiva para evitar el padecimiento de esta enfermedad\u201d, precis\u00f3.<a href=\"https:\/\/insalud.gob.ve\/?attachment_id=10380\" rel=\"attachment wp-att-10380\"><img loading=\"lazy\" class=\"aligncenter size-large wp-image-10380\" src=\"https:\/\/insalud.gob.ve\/wp-content\/uploads\/2019\/12\/H2-67-1024x682.jpg\" alt=\"\" width=\"618\" height=\"412\" srcset=\"https:\/\/insalud.gob.ve\/wp-content\/uploads\/2019\/12\/H2-67-1024x682.jpg 1024w, https:\/\/insalud.gob.ve\/wp-content\/uploads\/2019\/12\/H2-67-300x200.jpg 300w, https:\/\/insalud.gob.ve\/wp-content\/uploads\/2019\/12\/H2-67-768x512.jpg 768w, https:\/\/insalud.gob.ve\/wp-content\/uploads\/2019\/12\/H2-67.jpg 1289w\" sizes=\"(max-width: 618px) 100vw, 618px\" \/><\/a><\/p>\n<p><strong>Condici\u00f3n controlable<\/strong><\/p>\n<p>Por su parte, Gustavo Arcila, director de salud del municipio Los Guayos, explic\u00f3 que \u201csiempre y cuando sea evaluado medicamente, controlado y cumpla con los est\u00e1ndares terap\u00e9uticos y de tratamiento, el paciente diab\u00e9tico puede desarrollar una vida perfectamente normal\u201d.<\/p>\n<p>En relaci\u00f3n a los temas tratados en el foro, el especialista, puntualiz\u00f3 la importancia de una adecuada alimentaci\u00f3n, complementando con actividades f\u00edsicas, adem\u00e1s de \u00a0lo\u00a0 que concierne a la gen\u00e9tica.<\/p>\n<p>Asimismo, Arcila, inform\u00f3 que los ambulatorios de Las Ag\u00fcitas y Los Guayos tienen activas las consultas de Diabetes y Pie Diab\u00e9tico, con el fin de\u00a0 de atender todos los casos presentados en la jurisdicci\u00f3n, ratificando que impera el deseo de ayudar a las personas con esta condici\u00f3n.<\/p>\n<p><strong>Vida saludable<\/strong><\/p>\n<p>Xiomara Mart\u00ednez, habitante de la comunidad, manifest\u00f3 que \u201cesta actividad que se est\u00e1 realizando va a redundar en beneficio no solamente del c\u00edrculo, sino de la comunidad completa y agradecemos mucho a todo el equipo de salud que est\u00e1 empe\u00f1ado en ofrecernos toda su atenci\u00f3n y orientaci\u00f3n sobre qu\u00e9 debemos hacer para prevenir esta enfermedad cr\u00f3nica\u201d.<\/p>\n<p>De igual manera, destac\u00f3 la importancia de contar en el municipio con los servicios destinados a la asistencia oportuna y gratuita de los pacientes diab\u00e9ticos. \u201cNos sentimos muy contentos porque generalmente este tipo de consultas se realizaban solamente en el hospital central de Valencia y el hecho de que tengamos est\u00e1s \u00e1reas aqu\u00ed, nos hace venir con m\u00e1s frecuencia y atendernos con toda la seguridad\u201d, coment\u00f3.<\/p>\n","protected":false},"excerpt":{"rendered":"<p>El ambulatorio Las Ag\u00fcitas recibi\u00f3 la dotaci\u00f3n de gluc\u00f3metros y tensi\u00f3metros, durante el foro y despistaje de glicemia organizado conjuntamente entre la Gobernaci\u00f3n de Carabobo y la Alcald\u00eda de Los Guayos en conmemoraci\u00f3n del D\u00eda Mundial de la Diabetes. En este contexto, la Primera Combatiente de la localidad, Mervelis de Burgos, expres\u00f3 que \u201cgracias a &hellip;<\/p>\n","protected":false},"author":2,"featured_media":10381,"comment_status":"open","ping_status":"closed","sticky":false,"template":"","format":"standard","meta":[],"categories":[31],"tags":[],"_links":{"self":[{"href":"https:\/\/insalud.gob.ve\/index.php?rest_route=\/wp\/v2\/posts\/10378"}],"collection":[{"href":"https:\/\/insalud.gob.ve\/index.php?rest_route=\/wp\/v2\/posts"}],"about":[{"href":"https:\/\/insalud.gob.ve\/index.php?rest_route=\/wp\/v2\/types\/post"}],"author":[{"embeddable":true,"href":"https:\/\/insalud.gob.ve\/index.php?rest_route=\/wp\/v2\/users\/2"}],"replies":[{"embeddable":true,"href":"https:\/\/insalud.gob.ve\/index.php?rest_route=%2Fwp%2Fv2%2Fcomments&post=10378"}],"version-history":[{"count":0,"href":"https:\/\/insalud.gob.ve\/index.php?rest_route=\/wp\/v2\/posts\/10378\/revisions"}],"wp:featuredmedia":[{"embeddable":true,"href":"https:\/\/insalud.gob.ve\/index.php?rest_route=\/wp\/v2\/media\/10381"}],"wp:attachment":[{"href":"https:\/\/insalud.gob.ve\/index.php?rest_route=%2Fwp%2Fv2%2Fmedia&parent=10378"}],"wp:term":[{"taxonomy":"category","embeddable":true,"href":"https:\/\/insalud.gob.ve\/index.php?rest_route=%2Fwp%2Fv2%2Fcategories&post=10378"},{"taxonomy":"post_tag","embeddable":true,"href":"https:\/\/insalud.gob.ve\/index.php?rest_route=%2Fwp%2Fv2%2Ftags&post=10378"}],"curies":[{"name":"wp","href":"https:\/\/api.w.org\/{rel}","templated":true}]}}