{"id":10383,"date":"2019-12-10T17:07:42","date_gmt":"2019-12-10T17:07:42","guid":{"rendered":"https:\/\/insalud.gob.ve\/?p=10383"},"modified":"2019-12-10T17:07:42","modified_gmt":"2019-12-10T17:07:42","slug":"iv-campana-nacional-de-vacunacion-aplicara-mas-de-39-mil-dosis-en-carabobo","status":"publish","type":"post","link":"https:\/\/insalud.gob.ve\/?p=10383","title":{"rendered":"IV Campa\u00f1a Nacional de Vacunaci\u00f3n aplicar\u00e1 m\u00e1s de 39 mil dosis en Carabobo"},"content":{"rendered":"<p><span lang=\"ES-TRAD\"><a href=\"https:\/\/insalud.gob.ve\/?attachment_id=10385\" rel=\"attachment wp-att-10385\"><img loading=\"lazy\" class=\"alignleft size-medium wp-image-10385\" src=\"https:\/\/insalud.gob.ve\/wp-content\/uploads\/2019\/12\/H1-95-300x200.jpg\" alt=\"\" width=\"300\" height=\"200\" srcset=\"https:\/\/insalud.gob.ve\/wp-content\/uploads\/2019\/12\/H1-95-300x200.jpg 300w, https:\/\/insalud.gob.ve\/wp-content\/uploads\/2019\/12\/H1-95-768x512.jpg 768w, https:\/\/insalud.gob.ve\/wp-content\/uploads\/2019\/12\/H1-95-1024x682.jpg 1024w, https:\/\/insalud.gob.ve\/wp-content\/uploads\/2019\/12\/H1-95.jpg 2000w\" sizes=\"(max-width: 300px) 100vw, 300px\" \/><\/a>Con una meta de 39 mil 093 dosis a aplicar en todo el estado, el Gobierno de Carabobo se sum\u00f3 a la IV Campa\u00f1a Nacional de Vacunaci\u00f3n, jornada impulsada por el presidente Nicol\u00e1s Maduro, con el fin de elevar la cobertura y lograr el 100 por ciento de inmunizados en todo el pa\u00eds.<\/span><\/p>\n<p><span lang=\"ES-TRAD\">Juan Carlos Y\u00e1nez, presidente de la Fundaci\u00f3n Instituto Carabobe\u00f1o para la Salud (Insalud), inform\u00f3 que esta campa\u00f1a de intensificaci\u00f3n se prolongar\u00e1 hasta el pr\u00f3ximo 15 de diciembre, para la atenci\u00f3n prioritaria de ni\u00f1os de 0 a 1 a\u00f1o de edad.<\/span><\/p>\n<p><span lang=\"ES-TRAD\">\u201cSiguiendo lineamientos de nuestro presidente Maduro y gobernador Rafael Lacava, en Carabobo damos inicio al plan de intensificaci\u00f3n de vacunaci\u00f3n, para contribuir en el aumento de la cobertura nacional, priorizando el esquema de inmunizaci\u00f3n de todos los ni\u00f1os menores de un a\u00f1o\u201d, dijo. <a href=\"https:\/\/insalud.gob.ve\/?attachment_id=10386\" rel=\"attachment wp-att-10386\"><img loading=\"lazy\" class=\"aligncenter size-large wp-image-10386\" src=\"https:\/\/insalud.gob.ve\/wp-content\/uploads\/2019\/12\/C1-21-1024x679.jpg\" alt=\"\" width=\"618\" height=\"410\" srcset=\"https:\/\/insalud.gob.ve\/wp-content\/uploads\/2019\/12\/C1-21-1024x679.jpg 1024w, https:\/\/insalud.gob.ve\/wp-content\/uploads\/2019\/12\/C1-21-300x199.jpg 300w, https:\/\/insalud.gob.ve\/wp-content\/uploads\/2019\/12\/C1-21-768x509.jpg 768w, https:\/\/insalud.gob.ve\/wp-content\/uploads\/2019\/12\/C1-21-310x205.jpg 310w, https:\/\/insalud.gob.ve\/wp-content\/uploads\/2019\/12\/C1-21.jpg 1289w\" sizes=\"(max-width: 618px) 100vw, 618px\" \/><\/a><br \/>\n<\/span><\/p>\n<p><span lang=\"ES-TRAD\">En este contexto, Y\u00e1nez especific\u00f3 que este plan contempla las vacunas BCG, Hepatitis B, Polio Oral, SR, IPV, Pentavalente y Antiamar\u00edlica, para la protecci\u00f3n de 12 enfermedades, entre ellas: fiebre amarilla, poliomielitis, rub\u00e9ola, sarampi\u00f3n, Bacillus Calmette-Gu\u00e9rin, entre otras.<\/span><\/p>\n<p><span lang=\"ES-TRAD\">Puntualiz\u00f3 que la jornada se desplegar\u00e1 en los diferentes establecimientos de salud de la entidad, incluyendo centros ambulatorios de Insalud, CDI, maternidades, adem\u00e1s de los puestos activos en el IVSS, Ipasme, Sanidad Militar y alcald\u00edas.<\/span><\/p>\n<p><span lang=\"ES-TRAD\">\u201cHacemos un llamado a padres, abuelos, t\u00edos, a la familia carabobe\u00f1a, para que lleven a los m\u00e1s peque\u00f1os al centro asistencial m\u00e1s cercano y sean vacunados; queremos ni\u00f1os sanos, protegidos de las patolog\u00edas inmunoprevenibles. Esta actividad es completamente gratuita, ideada para resguardar la salud de los ni\u00f1os y ni\u00f1as de la Patria\u201d, finaliz\u00f3 el titular de Insalud.\u00a0 \u00a0<\/span><\/p>\n","protected":false},"excerpt":{"rendered":"<p>Con una meta de 39 mil 093 dosis a aplicar en todo el estado, el Gobierno de Carabobo se sum\u00f3 a la IV Campa\u00f1a Nacional de Vacunaci\u00f3n, jornada impulsada por el presidente Nicol\u00e1s Maduro, con el fin de elevar la cobertura y lograr el 100 por ciento de inmunizados en todo el pa\u00eds. Juan Carlos &hellip;<\/p>\n","protected":false},"author":2,"featured_media":10385,"comment_status":"open","ping_status":"closed","sticky":false,"template":"","format":"standard","meta":[],"categories":[31],"tags":[],"_links":{"self":[{"href":"https:\/\/insalud.gob.ve\/index.php?rest_route=\/wp\/v2\/posts\/10383"}],"collection":[{"href":"https:\/\/insalud.gob.ve\/index.php?rest_route=\/wp\/v2\/posts"}],"about":[{"href":"https:\/\/insalud.gob.ve\/index.php?rest_route=\/wp\/v2\/types\/post"}],"author":[{"embeddable":true,"href":"https:\/\/insalud.gob.ve\/index.php?rest_route=\/wp\/v2\/users\/2"}],"replies":[{"embeddable":true,"href":"https:\/\/insalud.gob.ve\/index.php?rest_route=%2Fwp%2Fv2%2Fcomments&post=10383"}],"version-history":[{"count":0,"href":"https:\/\/insalud.gob.ve\/index.php?rest_route=\/wp\/v2\/posts\/10383\/revisions"}],"wp:featuredmedia":[{"embeddable":true,"href":"https:\/\/insalud.gob.ve\/index.php?rest_route=\/wp\/v2\/media\/10385"}],"wp:attachment":[{"href":"https:\/\/insalud.gob.ve\/index.php?rest_route=%2Fwp%2Fv2%2Fmedia&parent=10383"}],"wp:term":[{"taxonomy":"category","embeddable":true,"href":"https:\/\/insalud.gob.ve\/index.php?rest_route=%2Fwp%2Fv2%2Fcategories&post=10383"},{"taxonomy":"post_tag","embeddable":true,"href":"https:\/\/insalud.gob.ve\/index.php?rest_route=%2Fwp%2Fv2%2Ftags&post=10383"}],"curies":[{"name":"wp","href":"https:\/\/api.w.org\/{rel}","templated":true}]}}