{"id":10388,"date":"2019-12-10T17:11:55","date_gmt":"2019-12-10T17:11:55","guid":{"rendered":"https:\/\/insalud.gob.ve\/?p=10388"},"modified":"2019-12-10T17:11:55","modified_gmt":"2019-12-10T17:11:55","slug":"realizada-jornada-de-cirugias-pediatricas-en-el-hospital-carlos-sanda-de-guigue","status":"publish","type":"post","link":"https:\/\/insalud.gob.ve\/?p=10388","title":{"rendered":"Realizada jornada de cirug\u00edas pedi\u00e1tricas en el Hospital Carlos Sanda de G\u00fcig\u00fce"},"content":{"rendered":"<p><span lang=\"ES-TRAD\"><a href=\"https:\/\/insalud.gob.ve\/?attachment_id=10389\" rel=\"attachment wp-att-10389\"><img loading=\"lazy\" class=\"alignleft size-medium wp-image-10389\" src=\"https:\/\/insalud.gob.ve\/wp-content\/uploads\/2019\/12\/H2-68-300x225.jpg\" alt=\"\" width=\"300\" height=\"225\" srcset=\"https:\/\/insalud.gob.ve\/wp-content\/uploads\/2019\/12\/H2-68-300x225.jpg 300w, https:\/\/insalud.gob.ve\/wp-content\/uploads\/2019\/12\/H2-68-768x576.jpg 768w, https:\/\/insalud.gob.ve\/wp-content\/uploads\/2019\/12\/H2-68-1024x768.jpg 1024w, https:\/\/insalud.gob.ve\/wp-content\/uploads\/2019\/12\/H2-68.jpg 1032w\" sizes=\"(max-width: 300px) 100vw, 300px\" \/><\/a>Con el objetivo de mantener la atenci\u00f3n integral y soluciones efectivas a la poblaci\u00f3n carabobe\u00f1a en materia de salud, el Gobierno de Carabobo llev\u00f3 a cabo en el Hospital Dr. \u201cCarlos Sanda\u201d de G\u00fcig\u00fce, municipio Carlos Arvelo, una jornada especial de cirug\u00edas pedi\u00e1tricas, durante la cual fueron beneficiados gratuitamente 15 ni\u00f1os de la localidad.<\/span><\/p>\n<p><span lang=\"ES-TRAD\">As\u00ed lo inform\u00f3 el presidente de la de la Fundaci\u00f3n Instituto Carabobe\u00f1o para la Salud (Insalud), Juan Carlos Y\u00e1nez, quien asegur\u00f3 que estas intervenciones est\u00e1n comprendidas\u00a0 en el marco Plan Quir\u00fargico Nacional, ideado por el gobierno bolivariano para atender a las personas que requieran una operaci\u00f3n de baja, mediana y alta complejidad.<br \/>\n<\/span><\/p>\n<p><span lang=\"ES-TRAD\">El funcionario destac\u00f3 que la jornada se realiz\u00f3 sin ninguna complicaci\u00f3n, \u201ctodos los procedimientos se efectuaron con total \u00e9xito, la evoluci\u00f3n y recuperaci\u00f3n fue muy satisfactoria para todos los ni\u00f1os\u201d.<a href=\"https:\/\/insalud.gob.ve\/?attachment_id=10390\" rel=\"attachment wp-att-10390\"><img loading=\"lazy\" class=\"aligncenter size-full wp-image-10390\" src=\"https:\/\/insalud.gob.ve\/wp-content\/uploads\/2019\/12\/H1-96.jpg\" alt=\"\" width=\"774\" height=\"744\" srcset=\"https:\/\/insalud.gob.ve\/wp-content\/uploads\/2019\/12\/H1-96.jpg 774w, https:\/\/insalud.gob.ve\/wp-content\/uploads\/2019\/12\/H1-96-300x288.jpg 300w, https:\/\/insalud.gob.ve\/wp-content\/uploads\/2019\/12\/H1-96-768x738.jpg 768w\" sizes=\"(max-width: 774px) 100vw, 774px\" \/><\/a><\/span><\/p>\n<p><span lang=\"ES-TRAD\">Al respecto, especific\u00f3 que los pacientes fueron atendidos con cirug\u00edas de hernia inguinal y umbilical, entre otras.\u00a0<b>\u201c<\/b>Gracias al apoyo de nuestro presidente Nicol\u00e1s Maduro y gobernador Rafael Lacava,<b>\u00a0<\/b>seguimos favoreciendo al pueblo con estas pol\u00edticas de salud que buscan mejorar la calidad de vida de nuestra poblaci\u00f3n\u201d, manifest\u00f3.<\/span><\/p>\n<p><b><span lang=\"ES-TRAD\">\u00c1rea quir\u00fargica en \u00f3ptimas condiciones<\/span><\/b><\/p>\n<p><span lang=\"ES-TRAD\">Asimismo, Y\u00e1nez enfatiz\u00f3 que el hospital Dr. \u201cCarlos Sanda\u201d de G\u00fcig\u00fce cuenta con una sala quir\u00fargica en \u00f3ptimas condiciones, dotada con los equipos e insumos necesarios para llevar adelante este tipo de actividades m\u00e9dicas.<\/span><\/p>\n<p><span lang=\"ES-TRAD\">Para finalizar, el titular de Insalud, afirm\u00f3 que a trav\u00e9s de este plan nacional no solo se garantiza el proceso quir\u00fargico, sino que tambi\u00e9n se hace entrega del tratamiento postoperatorio a todos los pacientes.<\/span><\/p>\n<p><span lang=\"ES-TRAD\">\u00a0<\/span><\/p>\n","protected":false},"excerpt":{"rendered":"<p>Con el objetivo de mantener la atenci\u00f3n integral y soluciones efectivas a la poblaci\u00f3n carabobe\u00f1a en materia de salud, el Gobierno de Carabobo llev\u00f3 a cabo en el Hospital Dr. \u201cCarlos Sanda\u201d de G\u00fcig\u00fce, municipio Carlos Arvelo, una jornada especial de cirug\u00edas pedi\u00e1tricas, durante la cual fueron beneficiados gratuitamente 15 ni\u00f1os de la localidad. As\u00ed &hellip;<\/p>\n","protected":false},"author":2,"featured_media":10389,"comment_status":"open","ping_status":"closed","sticky":false,"template":"","format":"standard","meta":[],"categories":[31],"tags":[],"_links":{"self":[{"href":"https:\/\/insalud.gob.ve\/index.php?rest_route=\/wp\/v2\/posts\/10388"}],"collection":[{"href":"https:\/\/insalud.gob.ve\/index.php?rest_route=\/wp\/v2\/posts"}],"about":[{"href":"https:\/\/insalud.gob.ve\/index.php?rest_route=\/wp\/v2\/types\/post"}],"author":[{"embeddable":true,"href":"https:\/\/insalud.gob.ve\/index.php?rest_route=\/wp\/v2\/users\/2"}],"replies":[{"embeddable":true,"href":"https:\/\/insalud.gob.ve\/index.php?rest_route=%2Fwp%2Fv2%2Fcomments&post=10388"}],"version-history":[{"count":0,"href":"https:\/\/insalud.gob.ve\/index.php?rest_route=\/wp\/v2\/posts\/10388\/revisions"}],"wp:featuredmedia":[{"embeddable":true,"href":"https:\/\/insalud.gob.ve\/index.php?rest_route=\/wp\/v2\/media\/10389"}],"wp:attachment":[{"href":"https:\/\/insalud.gob.ve\/index.php?rest_route=%2Fwp%2Fv2%2Fmedia&parent=10388"}],"wp:term":[{"taxonomy":"category","embeddable":true,"href":"https:\/\/insalud.gob.ve\/index.php?rest_route=%2Fwp%2Fv2%2Fcategories&post=10388"},{"taxonomy":"post_tag","embeddable":true,"href":"https:\/\/insalud.gob.ve\/index.php?rest_route=%2Fwp%2Fv2%2Ftags&post=10388"}],"curies":[{"name":"wp","href":"https:\/\/api.w.org\/{rel}","templated":true}]}}