{"id":10395,"date":"2019-12-10T17:20:46","date_gmt":"2019-12-10T17:20:46","guid":{"rendered":"https:\/\/insalud.gob.ve\/?p=10395"},"modified":"2019-12-10T17:20:46","modified_gmt":"2019-12-10T17:20:46","slug":"celebran-vii-congreso-nacional-de-enfermeria-en-carabobo","status":"publish","type":"post","link":"https:\/\/insalud.gob.ve\/?p=10395","title":{"rendered":"Celebran VII Congreso Nacional de Enfermer\u00eda en Carabobo"},"content":{"rendered":"<p><a href=\"https:\/\/insalud.gob.ve\/?attachment_id=10396\" rel=\"attachment wp-att-10396\"><img loading=\"lazy\" class=\"alignleft size-medium wp-image-10396\" src=\"https:\/\/insalud.gob.ve\/wp-content\/uploads\/2019\/12\/H1-98-300x200.jpg\" alt=\"\" width=\"300\" height=\"200\" srcset=\"https:\/\/insalud.gob.ve\/wp-content\/uploads\/2019\/12\/H1-98-300x200.jpg 300w, https:\/\/insalud.gob.ve\/wp-content\/uploads\/2019\/12\/H1-98-768x512.jpg 768w, https:\/\/insalud.gob.ve\/wp-content\/uploads\/2019\/12\/H1-98-1024x682.jpg 1024w, https:\/\/insalud.gob.ve\/wp-content\/uploads\/2019\/12\/H1-98.jpg 1289w\" sizes=\"(max-width: 300px) 100vw, 300px\" \/><\/a>Durante dos d\u00edas, m\u00e1s de 400 enfermeros del estado Carabobo convergieron en el VII Congreso Nacional de Enfermer\u00eda \u201cLa Conciencia del Ser\u201d, organizado por la Gobernaci\u00f3n a trav\u00e9s de la Fundaci\u00f3n Instituto Carabobe\u00f1o para la Salud (Insalud).<\/p>\n<p>El evento que se desarroll\u00f3 en la Villa Ol\u00edmpica de Naguanagua, cont\u00f3 con la participaci\u00f3n de importantes ponentes nacionales e internacionales, especia- lizados en el \u00e1rea de la salud.<\/p>\n<p>En este sentido, Juan Carlos Y\u00e1nez, presidente de Insalud, indic\u00f3 que durante el congreso se trataron diversos temas: la vocaci\u00f3n de la Enfermer\u00eda para la promoci\u00f3n de la donaci\u00f3n de sangre, psicodinamia y la fuerza invisible del entendimiento, entre otros puntos.<a href=\"https:\/\/insalud.gob.ve\/?attachment_id=10397\" rel=\"attachment wp-att-10397\"><img loading=\"lazy\" class=\"aligncenter size-large wp-image-10397\" src=\"https:\/\/insalud.gob.ve\/wp-content\/uploads\/2019\/12\/H2-69-1024x682.jpg\" alt=\"\" width=\"618\" height=\"412\" srcset=\"https:\/\/insalud.gob.ve\/wp-content\/uploads\/2019\/12\/H2-69-1024x682.jpg 1024w, https:\/\/insalud.gob.ve\/wp-content\/uploads\/2019\/12\/H2-69-300x200.jpg 300w, https:\/\/insalud.gob.ve\/wp-content\/uploads\/2019\/12\/H2-69-768x512.jpg 768w, https:\/\/insalud.gob.ve\/wp-content\/uploads\/2019\/12\/H2-69.jpg 1289w\" sizes=\"(max-width: 618px) 100vw, 618px\" \/><\/a><\/p>\n<p>\u201cPara nosotros es un placer haber instalado esta conferencia, la cual sirvi\u00f3 para destacar el rol que desempe\u00f1an estos profesionales en la atenci\u00f3n al paciente. La Enfermer\u00eda es el enlace entre el cuidado humano y el sistema de salud\u201d, manifest\u00f3 Y\u00e1nez.<\/p>\n<p>Por su parte, Biannit Rosendo, directora regional de Enfermer\u00eda, expres\u00f3 que \u201cen vista de la coyuntura que vivimos en el pa\u00eds, es momento de realzar la importancia que tiene la formaci\u00f3n y progreso de la profesi\u00f3n, adem\u00e1s de enaltecer la labor de este gremio de la salud\u201d.<\/p>\n<p>Destac\u00f3 que entre las tareas que realizan a diario los enfermeros, coinciden el sentimiento, pensamiento y la acci\u00f3n.\u00a0 \u201cEn equipo y con motivaci\u00f3n podemos cumplir un mejor papel, mejorando a su vez nuestra salud mental y la asistencia que ofrecemos a las personas. La Enfermer\u00eda es un pilar fundamental en los establecimientos de salud\u201d, concluy\u00f3.<\/p>\n","protected":false},"excerpt":{"rendered":"<p>Durante dos d\u00edas, m\u00e1s de 400 enfermeros del estado Carabobo convergieron en el VII Congreso Nacional de Enfermer\u00eda \u201cLa Conciencia del Ser\u201d, organizado por la Gobernaci\u00f3n a trav\u00e9s de la Fundaci\u00f3n Instituto Carabobe\u00f1o para la Salud (Insalud). El evento que se desarroll\u00f3 en la Villa Ol\u00edmpica de Naguanagua, cont\u00f3 con la participaci\u00f3n de importantes ponentes &hellip;<\/p>\n","protected":false},"author":2,"featured_media":10396,"comment_status":"open","ping_status":"closed","sticky":false,"template":"","format":"standard","meta":[],"categories":[31],"tags":[],"_links":{"self":[{"href":"https:\/\/insalud.gob.ve\/index.php?rest_route=\/wp\/v2\/posts\/10395"}],"collection":[{"href":"https:\/\/insalud.gob.ve\/index.php?rest_route=\/wp\/v2\/posts"}],"about":[{"href":"https:\/\/insalud.gob.ve\/index.php?rest_route=\/wp\/v2\/types\/post"}],"author":[{"embeddable":true,"href":"https:\/\/insalud.gob.ve\/index.php?rest_route=\/wp\/v2\/users\/2"}],"replies":[{"embeddable":true,"href":"https:\/\/insalud.gob.ve\/index.php?rest_route=%2Fwp%2Fv2%2Fcomments&post=10395"}],"version-history":[{"count":0,"href":"https:\/\/insalud.gob.ve\/index.php?rest_route=\/wp\/v2\/posts\/10395\/revisions"}],"wp:featuredmedia":[{"embeddable":true,"href":"https:\/\/insalud.gob.ve\/index.php?rest_route=\/wp\/v2\/media\/10396"}],"wp:attachment":[{"href":"https:\/\/insalud.gob.ve\/index.php?rest_route=%2Fwp%2Fv2%2Fmedia&parent=10395"}],"wp:term":[{"taxonomy":"category","embeddable":true,"href":"https:\/\/insalud.gob.ve\/index.php?rest_route=%2Fwp%2Fv2%2Fcategories&post=10395"},{"taxonomy":"post_tag","embeddable":true,"href":"https:\/\/insalud.gob.ve\/index.php?rest_route=%2Fwp%2Fv2%2Ftags&post=10395"}],"curies":[{"name":"wp","href":"https:\/\/api.w.org\/{rel}","templated":true}]}}