{"id":10399,"date":"2019-12-10T17:25:10","date_gmt":"2019-12-10T17:25:10","guid":{"rendered":"https:\/\/insalud.gob.ve\/?p=10399"},"modified":"2019-12-10T17:25:10","modified_gmt":"2019-12-10T17:25:10","slug":"vacunadas-en-noviembre-mas-de-6-400-personas-en-red-especializada-de-insalud","status":"publish","type":"post","link":"https:\/\/insalud.gob.ve\/?p=10399","title":{"rendered":"Vacunadas en Noviembre m\u00e1s de 6.400 personas  en red especializada de Insalud"},"content":{"rendered":"<p><a href=\"https:\/\/insalud.gob.ve\/?attachment_id=10400\" rel=\"attachment wp-att-10400\"><img loading=\"lazy\" class=\"alignleft size-medium wp-image-10400\" src=\"https:\/\/insalud.gob.ve\/wp-content\/uploads\/2019\/12\/H1-99-300x200.jpg\" alt=\"\" width=\"300\" height=\"200\" srcset=\"https:\/\/insalud.gob.ve\/wp-content\/uploads\/2019\/12\/H1-99-300x200.jpg 300w, https:\/\/insalud.gob.ve\/wp-content\/uploads\/2019\/12\/H1-99-768x512.jpg 768w, https:\/\/insalud.gob.ve\/wp-content\/uploads\/2019\/12\/H1-99-1024x683.jpg 1024w\" sizes=\"(max-width: 300px) 100vw, 300px\" \/><\/a>Durante el mes de noviembre, m\u00e1s de seis mil 400 personas, entre ni\u00f1os, adultos y embarazadas, fueron inmunizadas gratuitamente en los diferentes puntos de vacunaci\u00f3n disponibles en la Red Ambulatoria Especializada de la Fundaci\u00f3n Instituto Carabobe\u00f1o para la Salud (Insalud).<\/p>\n<p>As\u00ed lo inform\u00f3 el presidente del mencionado organismo regional, Juan Carlos Y\u00e1nez, quien asever\u00f3 que el estado Carabobo cuenta con 15 centros ambulatorios especializados, distribuidos en los municipios Naguanagua, Valencia, Los Guayos, Libertador, Carlos Arvelo, as\u00ed como en Puerto Cabello, Miranda y Guacara.<\/p>\n<p>\u201cEn esta gesti\u00f3n, liderada por el gobernador Rafael Lacava, continuamos uniendo esfuerzos para la protecci\u00f3n de todo el pueblo de Carabobo. En noviembre logramos atender a seis mil 462 usuarios en los espacios fijos de vacunaci\u00f3n activos en la red especializada, brindando salud y bienestar a la poblaci\u00f3n en general\u201d, agreg\u00f3.<a href=\"https:\/\/insalud.gob.ve\/?attachment_id=10401\" rel=\"attachment wp-att-10401\"><img loading=\"lazy\" class=\"aligncenter size-large wp-image-10401\" src=\"https:\/\/insalud.gob.ve\/wp-content\/uploads\/2019\/12\/C1-22-1024x679.jpg\" alt=\"\" width=\"618\" height=\"410\" srcset=\"https:\/\/insalud.gob.ve\/wp-content\/uploads\/2019\/12\/C1-22-1024x679.jpg 1024w, https:\/\/insalud.gob.ve\/wp-content\/uploads\/2019\/12\/C1-22-300x199.jpg 300w, https:\/\/insalud.gob.ve\/wp-content\/uploads\/2019\/12\/C1-22-768x509.jpg 768w, https:\/\/insalud.gob.ve\/wp-content\/uploads\/2019\/12\/C1-22-310x205.jpg 310w, https:\/\/insalud.gob.ve\/wp-content\/uploads\/2019\/12\/C1-22.jpg 1289w\" sizes=\"(max-width: 618px) 100vw, 618px\" \/><\/a><\/p>\n<p>Y\u00e1nez destac\u00f3 que la regi\u00f3n posee los biol\u00f3gicos contemplados en el esquema nacional de vacunaci\u00f3n, entre las que se encuentran la Polio Oral, IPV, Hepatitis B, BCG, Antiamar\u00edlica, SRP, SR, y Pentavalente.<\/p>\n<p><strong>Plan de intensificaci\u00f3n<\/strong><\/p>\n<p>De igual modo, el titular de Insalud record\u00f3 que el gobierno regional se sum\u00f3 el pasado 15 de noviembre al plan de intensificaci\u00f3n de rutina, promovido por el Ejecutivo nacional, con el fin de incrementar las coberturas.<\/p>\n<p>\u201cEn el caso de nuestro estado, hemos instalado 184 vacunatorios para la atenci\u00f3n oportuna de los ni\u00f1os de 0 a 1 a\u00f1o de edad. Gracias a esta iniciativa que se extender\u00e1 hasta el 18 de diciembre, podremos alcanzar el 100 por ciento de las coberturas en este grupo de la poblaci\u00f3n\u201d, finaliz\u00f3 Y\u00e1nez.<\/p>\n","protected":false},"excerpt":{"rendered":"<p>Durante el mes de noviembre, m\u00e1s de seis mil 400 personas, entre ni\u00f1os, adultos y embarazadas, fueron inmunizadas gratuitamente en los diferentes puntos de vacunaci\u00f3n disponibles en la Red Ambulatoria Especializada de la Fundaci\u00f3n Instituto Carabobe\u00f1o para la Salud (Insalud). As\u00ed lo inform\u00f3 el presidente del mencionado organismo regional, Juan Carlos Y\u00e1nez, quien asever\u00f3 que &hellip;<\/p>\n","protected":false},"author":2,"featured_media":10400,"comment_status":"open","ping_status":"closed","sticky":false,"template":"","format":"standard","meta":[],"categories":[31],"tags":[],"_links":{"self":[{"href":"https:\/\/insalud.gob.ve\/index.php?rest_route=\/wp\/v2\/posts\/10399"}],"collection":[{"href":"https:\/\/insalud.gob.ve\/index.php?rest_route=\/wp\/v2\/posts"}],"about":[{"href":"https:\/\/insalud.gob.ve\/index.php?rest_route=\/wp\/v2\/types\/post"}],"author":[{"embeddable":true,"href":"https:\/\/insalud.gob.ve\/index.php?rest_route=\/wp\/v2\/users\/2"}],"replies":[{"embeddable":true,"href":"https:\/\/insalud.gob.ve\/index.php?rest_route=%2Fwp%2Fv2%2Fcomments&post=10399"}],"version-history":[{"count":0,"href":"https:\/\/insalud.gob.ve\/index.php?rest_route=\/wp\/v2\/posts\/10399\/revisions"}],"wp:featuredmedia":[{"embeddable":true,"href":"https:\/\/insalud.gob.ve\/index.php?rest_route=\/wp\/v2\/media\/10400"}],"wp:attachment":[{"href":"https:\/\/insalud.gob.ve\/index.php?rest_route=%2Fwp%2Fv2%2Fmedia&parent=10399"}],"wp:term":[{"taxonomy":"category","embeddable":true,"href":"https:\/\/insalud.gob.ve\/index.php?rest_route=%2Fwp%2Fv2%2Fcategories&post=10399"},{"taxonomy":"post_tag","embeddable":true,"href":"https:\/\/insalud.gob.ve\/index.php?rest_route=%2Fwp%2Fv2%2Ftags&post=10399"}],"curies":[{"name":"wp","href":"https:\/\/api.w.org\/{rel}","templated":true}]}}