{"id":10409,"date":"2019-12-11T16:40:22","date_gmt":"2019-12-11T16:40:22","guid":{"rendered":"https:\/\/insalud.gob.ve\/?p=10409"},"modified":"2019-12-11T16:40:22","modified_gmt":"2019-12-11T16:40:22","slug":"gobierno-bolivariano-otorgo-cargos-fijos-a-1-039-trabajadores-de-barrio-adentro-en-carabobo","status":"publish","type":"post","link":"https:\/\/insalud.gob.ve\/?p=10409","title":{"rendered":"Gobierno bolivariano otorg\u00f3 cargos fijos a 1.039 trabajadores de Barrio Adentro en Carabobo"},"content":{"rendered":"<p><a href=\"https:\/\/insalud.gob.ve\/?attachment_id=10410\" rel=\"attachment wp-att-10410\"><img loading=\"lazy\" class=\"alignleft size-medium wp-image-10410\" src=\"https:\/\/insalud.gob.ve\/wp-content\/uploads\/2019\/12\/H1-300x205.jpg\" alt=\"\" width=\"300\" height=\"205\" srcset=\"https:\/\/insalud.gob.ve\/wp-content\/uploads\/2019\/12\/H1-300x205.jpg 300w, https:\/\/insalud.gob.ve\/wp-content\/uploads\/2019\/12\/H1-768x526.jpg 768w, https:\/\/insalud.gob.ve\/wp-content\/uploads\/2019\/12\/H1-1024x701.jpg 1024w, https:\/\/insalud.gob.ve\/wp-content\/uploads\/2019\/12\/H1-110x75.jpg 110w, https:\/\/insalud.gob.ve\/wp-content\/uploads\/2019\/12\/H1.jpg 2000w\" sizes=\"(max-width: 300px) 100vw, 300px\" \/><\/a>Durante un emotivo y merecido acto, celebrado en el Sal\u00f3n de sesiones del Consejo Legislativo Bolivariano del estado Carabobo (Clebc), el gobierno regional hizo entrega de la titularidad de cargos fijos a un total 1.039 trabajadores de la Misi\u00f3n Barrio Adentro.<\/p>\n<p>Juan Carlos Y\u00e1nez, presidente de la Fundaci\u00f3n Instituto Carabobe\u00f1o para la Salud (Insalud), acompa\u00f1ado de la coordinadora regional de Barrio Adentro, Biannit Rosendo y el diputado Jos\u00e9 Benaventa, presidente de la Subcomisi\u00f3n de Salud, entreg\u00f3 las credenciales al personal perteneciente a las 47 \u00c1reas de Salud Integral Comunitaria (ASIC) distribuidas en toda la entidad.<\/p>\n<p>En su intervenci\u00f3n destac\u00f3 que \u201cgracias al presidente Nicol\u00e1s Maduro y gobernador Rafael Lacava estamos honrando y haciendo justicia social para todos estos trabajadores. A pesar de las limitaciones y de la guerra econ\u00f3mica, en Carabobo contamos con un personal con vocaci\u00f3n, que est\u00e1 dando lo mejor de s\u00ed, cumpliendo con el legado y misi\u00f3n del Comandante Hugo Ch\u00e1vez\u201d.<\/p>\n<p>En este contexto, Y\u00e1nez detall\u00f3 que a trav\u00e9s de este proceso de normalizaci\u00f3n fueron concedidos 444 cargos al personal obrero, 90 a empleados administrativos y 505 asistenciales, quienes se encontraban en condici\u00f3n de contratados.<a href=\"https:\/\/insalud.gob.ve\/?attachment_id=10411\" rel=\"attachment wp-att-10411\"><img loading=\"lazy\" class=\"aligncenter size-large wp-image-10411\" src=\"https:\/\/insalud.gob.ve\/wp-content\/uploads\/2019\/12\/H4-19-1024x673.jpg\" alt=\"\" width=\"618\" height=\"406\" srcset=\"https:\/\/insalud.gob.ve\/wp-content\/uploads\/2019\/12\/H4-19-1024x673.jpg 1024w, https:\/\/insalud.gob.ve\/wp-content\/uploads\/2019\/12\/H4-19-300x197.jpg 300w, https:\/\/insalud.gob.ve\/wp-content\/uploads\/2019\/12\/H4-19-768x505.jpg 768w, https:\/\/insalud.gob.ve\/wp-content\/uploads\/2019\/12\/H4-19-310x205.jpg 310w, https:\/\/insalud.gob.ve\/wp-content\/uploads\/2019\/12\/H4-19.jpg 2000w\" sizes=\"(max-width: 618px) 100vw, 618px\" \/><\/a><\/p>\n<p>\u201cEste es un nuevo comienzo para consolidar la verdadera salud revolucionaria en el estado, de verdad nos sentimos muy felices y motivados al ver materializado este acto en beneficio de 1.039 trabajadores de la Misi\u00f3n Barrio Adentro. Los felicito por formar parte de este maravilloso equipo consagrado a la atenci\u00f3n de nuestro pueblo\u201d, agreg\u00f3.<\/p>\n<p><strong>Logro de la revoluci\u00f3n<\/strong><\/p>\n<p>Por su parte, Biannit Rosendo, coordinadora regional de Barrio Adentro, manifest\u00f3 que esta asignaci\u00f3n corresponde a la primera etapa de regularizaci\u00f3n de cargos en la regi\u00f3n: \u201ceste es un logro alcanzado en la gesti\u00f3n del gobernador Lacava, tan esperado y preciado por los trabajadores de Insalud, este es apenas el inicio de la entrega de cargos para los empleados de los diferentes CDI y consultorios populares de Carabobo\u201d, dijo.<\/p>\n<p>Asimismo, reiter\u00f3 que la Misi\u00f3n Barrio Adentro, fundada en abril del a\u00f1o 2003, est\u00e1 orientada fundamentalmente a la atenci\u00f3n primaria de salud mediante la red comunal. \u201cEsta es la bandera para mantener una comunidad sana\u201d, resalt\u00f3.\u00a0<a href=\"https:\/\/insalud.gob.ve\/?attachment_id=10412\" rel=\"attachment wp-att-10412\"><img loading=\"lazy\" class=\"aligncenter size-large wp-image-10412\" src=\"https:\/\/insalud.gob.ve\/wp-content\/uploads\/2019\/12\/H2-1024x708.jpg\" alt=\"\" width=\"618\" height=\"427\" srcset=\"https:\/\/insalud.gob.ve\/wp-content\/uploads\/2019\/12\/H2-1024x708.jpg 1024w, https:\/\/insalud.gob.ve\/wp-content\/uploads\/2019\/12\/H2-300x207.jpg 300w, https:\/\/insalud.gob.ve\/wp-content\/uploads\/2019\/12\/H2-768x531.jpg 768w, https:\/\/insalud.gob.ve\/wp-content\/uploads\/2019\/12\/H2-110x75.jpg 110w, https:\/\/insalud.gob.ve\/wp-content\/uploads\/2019\/12\/H2.jpg 2000w\" sizes=\"(max-width: 618px) 100vw, 618px\" \/><\/a><\/p>\n<p><strong>\u00a1D\u00eda hist\u00f3rico!<\/strong><\/p>\n<p>Mar\u00eda Rodr\u00edguez, quien se desempe\u00f1a como enfermera en el Centro de Diagn\u00f3stico Integral Los Arales, municipio San Diego, expres\u00f3 su emoci\u00f3n y agradecimiento hacia las autoridades por este beneficio social recibido.<\/p>\n<p>\u201cEsto era un momento tan anhelado por todos nosotros y hoy lo recibimos con mucha alegr\u00eda; gracias a todos los que han puesto su granito de arena para que esto fuera una realidad\u201d, opin\u00f3.<\/p>\n<p>Rodr\u00edguez aprovech\u00f3 la ocasi\u00f3n para exhortar al gremio de enfermer\u00eda a seguir desempe\u00f1ado su profesi\u00f3n al servicio de la poblaci\u00f3n. \u201cDebemos trabajar con humildad y humanidad hacia el paciente, rescatando nuestros valores\u201d, acot\u00f3.<a href=\"https:\/\/insalud.gob.ve\/?attachment_id=10413\" rel=\"attachment wp-att-10413\"><img loading=\"lazy\" class=\"aligncenter size-large wp-image-10413\" src=\"https:\/\/insalud.gob.ve\/wp-content\/uploads\/2019\/12\/C3-1024x682.jpg\" alt=\"\" width=\"618\" height=\"412\" srcset=\"https:\/\/insalud.gob.ve\/wp-content\/uploads\/2019\/12\/C3-1024x682.jpg 1024w, https:\/\/insalud.gob.ve\/wp-content\/uploads\/2019\/12\/C3-300x200.jpg 300w, https:\/\/insalud.gob.ve\/wp-content\/uploads\/2019\/12\/C3-768x512.jpg 768w, https:\/\/insalud.gob.ve\/wp-content\/uploads\/2019\/12\/C3.jpg 2000w\" sizes=\"(max-width: 618px) 100vw, 618px\" \/><\/a><\/p>\n<p>De igual modo, Tibisay Salazar, trabajadora del ASIC Montalb\u00e1n,\u00a0 relat\u00f3 su proceso de formaci\u00f3n acad\u00e9mica desde el momento que ingres\u00f3 a\u00a0 Barrio Adentro. \u201cComenc\u00e9 siendo auxiliar de Enfermer\u00eda, he evolucionado, estudiado y ya cuento con un doctorado. Invito a mis colegas a que se preparen para brindar una atenci\u00f3n de primera calidad al pueblo, y seguir enalteciendo nuestra carrera\u201d, coment\u00f3.<\/p>\n","protected":false},"excerpt":{"rendered":"<p>Durante un emotivo y merecido acto, celebrado en el Sal\u00f3n de sesiones del Consejo Legislativo Bolivariano del estado Carabobo (Clebc), el gobierno regional hizo entrega de la titularidad de cargos fijos a un total 1.039 trabajadores de la Misi\u00f3n Barrio Adentro. Juan Carlos Y\u00e1nez, presidente de la Fundaci\u00f3n Instituto Carabobe\u00f1o para la Salud (Insalud), acompa\u00f1ado &hellip;<\/p>\n","protected":false},"author":2,"featured_media":10410,"comment_status":"open","ping_status":"closed","sticky":false,"template":"","format":"standard","meta":[],"categories":[31],"tags":[],"_links":{"self":[{"href":"https:\/\/insalud.gob.ve\/index.php?rest_route=\/wp\/v2\/posts\/10409"}],"collection":[{"href":"https:\/\/insalud.gob.ve\/index.php?rest_route=\/wp\/v2\/posts"}],"about":[{"href":"https:\/\/insalud.gob.ve\/index.php?rest_route=\/wp\/v2\/types\/post"}],"author":[{"embeddable":true,"href":"https:\/\/insalud.gob.ve\/index.php?rest_route=\/wp\/v2\/users\/2"}],"replies":[{"embeddable":true,"href":"https:\/\/insalud.gob.ve\/index.php?rest_route=%2Fwp%2Fv2%2Fcomments&post=10409"}],"version-history":[{"count":0,"href":"https:\/\/insalud.gob.ve\/index.php?rest_route=\/wp\/v2\/posts\/10409\/revisions"}],"wp:featuredmedia":[{"embeddable":true,"href":"https:\/\/insalud.gob.ve\/index.php?rest_route=\/wp\/v2\/media\/10410"}],"wp:attachment":[{"href":"https:\/\/insalud.gob.ve\/index.php?rest_route=%2Fwp%2Fv2%2Fmedia&parent=10409"}],"wp:term":[{"taxonomy":"category","embeddable":true,"href":"https:\/\/insalud.gob.ve\/index.php?rest_route=%2Fwp%2Fv2%2Fcategories&post=10409"},{"taxonomy":"post_tag","embeddable":true,"href":"https:\/\/insalud.gob.ve\/index.php?rest_route=%2Fwp%2Fv2%2Ftags&post=10409"}],"curies":[{"name":"wp","href":"https:\/\/api.w.org\/{rel}","templated":true}]}}