{"id":10419,"date":"2019-12-26T14:35:14","date_gmt":"2019-12-26T14:35:14","guid":{"rendered":"https:\/\/insalud.gob.ve\/?p=10419"},"modified":"2019-12-26T14:35:14","modified_gmt":"2019-12-26T14:35:14","slug":"regalo-de-navidad-para-carabobo-lacava-entrego-renovada-maternidad-del-sur-en-valencia","status":"publish","type":"post","link":"https:\/\/insalud.gob.ve\/?p=10419","title":{"rendered":"Regalo de Navidad para Carabobo: Lacava entreg\u00f3 renovada Maternidad del Sur en Valencia"},"content":{"rendered":"<p><a href=\"https:\/\/insalud.gob.ve\/?attachment_id=10420\" rel=\"attachment wp-att-10420\"><img loading=\"lazy\" class=\"alignleft size-medium wp-image-10420\" src=\"https:\/\/insalud.gob.ve\/wp-content\/uploads\/2019\/12\/H2-72-300x200.jpg\" alt=\"\" width=\"300\" height=\"200\" srcset=\"https:\/\/insalud.gob.ve\/wp-content\/uploads\/2019\/12\/H2-72-300x200.jpg 300w, https:\/\/insalud.gob.ve\/wp-content\/uploads\/2019\/12\/H2-72-768x512.jpg 768w, https:\/\/insalud.gob.ve\/wp-content\/uploads\/2019\/12\/H2-72-1024x683.jpg 1024w\" sizes=\"(max-width: 300px) 100vw, 300px\" \/><\/a>El gobernador del estado Carabobo, Rafael Lacava, entreg\u00f3, totalmente renovados, \u00e1reas prioritarias de servicios m\u00e9dicos de la Maternidad del Sur, en el municipio Valencia, con el fin de mantener una atenci\u00f3n digna a las parturientas y a sus beb\u00e9s \u00a0e incrementar la capacidad operativa del mencionado centro de salud.<\/p>\n<p>El mandatario regional anunci\u00f3 este 25 de diciembre, la reactivaci\u00f3n de estos importantes espacios de salud calific\u00e1ndolos como \u201cel mejor regalo de Navidad para Carabobo\u201d.<\/p>\n<p>A trav\u00e9s de su cuenta en la red social instagram @lacava10oficial y twitter @rafaellacava10<\/p>\n<p>inform\u00f3 \u00abestamos en la Maternidad del Sur, acompa\u00f1ado con la doctora Lenik Hon, vicepresidenta m\u00e9dica de Insalud y Gerardo G\u00f3mez, director de la maternidad, d\u00e1ndole apertura a estos nuevos quir\u00f3fanos, salas de parto, de recuperaci\u00f3n y Unidad de Cuidados Intensivos, este es un trabajo profundo que se ha hecho\u00bb, destac\u00f3.<\/p>\n<p>En este contexto, explic\u00f3 que en estas labores fueron rehabilitadas tres \u00e1reas quir\u00fargicas donde \u00abse podr\u00e1n hacer 1.000 operaciones mensuales, entre ces\u00e1reas y cualquier\u00a0 procedimiento ginecol\u00f3gico y adem\u00e1s se podr\u00e1n atender m\u00e1s de 1.500 mujeres en estado de gravidez\u00bb, agreg\u00f3.<\/p>\n<p>Durante su recorrido por las instalaciones, el gobernador Lacava indic\u00f3 que todos los espacios fueron dotados con insumos y equipos de \u00faltima tecnolog\u00eda, entre ellos un equipo especial de laparoscopia para la realizaci\u00f3n de intervenciones especializadas menos invasivas, como esterilizaciones v\u00eda laparoscopia, para reforzar el programa de planificaci\u00f3n familiar. Adem\u00e1s fue optimizada la climatizaci\u00f3n de todas las \u00e1reas de la Maternidad Sur.<\/p>\n<p><strong>Terapia Intensiva Neonatal y Cuidados Intermedios cero kil\u00f3metros<a href=\"https:\/\/insalud.gob.ve\/?attachment_id=10421\" rel=\"attachment wp-att-10421\"><img loading=\"lazy\" class=\"aligncenter size-large wp-image-10421\" src=\"https:\/\/insalud.gob.ve\/wp-content\/uploads\/2019\/12\/H10-4-1024x681.jpg\" alt=\"\" width=\"618\" height=\"411\" srcset=\"https:\/\/insalud.gob.ve\/wp-content\/uploads\/2019\/12\/H10-4-1024x681.jpg 1024w, https:\/\/insalud.gob.ve\/wp-content\/uploads\/2019\/12\/H10-4-300x200.jpg 300w, https:\/\/insalud.gob.ve\/wp-content\/uploads\/2019\/12\/H10-4-768x511.jpg 768w, https:\/\/insalud.gob.ve\/wp-content\/uploads\/2019\/12\/H10-4-310x205.jpg 310w\" sizes=\"(max-width: 618px) 100vw, 618px\" \/><\/a><\/strong><\/p>\n<p>Entre los servicios entregados al pueblo por el Ejecutivo Regional, Lacava resalt\u00f3 las unidades de Cuidados Intermedios y de Terapia Intensiva Neonatal \u00e1reas de \u00abfueron pr\u00e1cticamente hechas totalmente nuevas, esto nos va a permitir aumentar los cupos para la atenci\u00f3n de los neonatos en condiciones delicadas. De verdad que hemos hecho un esfuerzo tremendo\u00bb, dijo.<\/p>\n<p>En un segundo video publicado en sus cuentas de Instagram y Twitter, el mandatario regional present\u00f3 la nueva y moderna sala de hospitalizaci\u00f3n de la Maternidad del Sur, con la cual sumar\u00edan tres los centros materno infantiles recuperados durante sus dos a\u00f1os de su gesti\u00f3n.<\/p>\n<p>\u00abSeguimos en esta completa ala de hospitalizaci\u00f3n: son m\u00e1s de 42 camas que se han abierto, quedar\u00eda solamente en proceso de rehabilitaci\u00f3n un ala de las cuatro que tenemos, porque las otras tres las estamos entregando impecables\u00bb, asegur\u00f3.<\/p>\n<p>Especific\u00f3 igualmente que el servicio hospitalario dispone de lactario, triaje, puesto de enfermer\u00eda y habitaciones para la asistencia oportuna de las madres y beb\u00e9s.<\/p>\n<p>Cabe se\u00f1alar que, los trabajos ejecutados de manera integral en la Maternidad del Sur \u00a0incluyeron la remodelaci\u00f3n y equipamiento de salas de reanimaci\u00f3n, preparto, ret\u00e9n transitorio, habitaciones de descanso del personal,\u00a0 sanitarios, as\u00ed como fachadas y \u00e1reas comunes, entre otras.<\/p>\n<p>\u00abAs\u00ed invertimos los recursos que nos manda nuestro gobierno nacional y parte de lo que ponemos aqu\u00ed para el pueblo de Carabobo. Gracias presidente Maduro de todo coraz\u00f3n; a todo el estado Carabobo y el centro del pa\u00eds, aqu\u00ed tienen su Maternidad del Sur &#8216;pepita&#8217;, &#8216;chulita&#8217;, espectacularmente renovada\u00bb, finaliz\u00f3 Lacava.<\/p>\n<p>&nbsp;<\/p>\n","protected":false},"excerpt":{"rendered":"<p>El gobernador del estado Carabobo, Rafael Lacava, entreg\u00f3, totalmente renovados, \u00e1reas prioritarias de servicios m\u00e9dicos de la Maternidad del Sur, en el municipio Valencia, con el fin de mantener una atenci\u00f3n digna a las parturientas y a sus beb\u00e9s \u00a0e incrementar la capacidad operativa del mencionado centro de salud. El mandatario regional anunci\u00f3 este 25 &hellip;<\/p>\n","protected":false},"author":2,"featured_media":10420,"comment_status":"open","ping_status":"closed","sticky":false,"template":"","format":"standard","meta":[],"categories":[31],"tags":[],"_links":{"self":[{"href":"https:\/\/insalud.gob.ve\/index.php?rest_route=\/wp\/v2\/posts\/10419"}],"collection":[{"href":"https:\/\/insalud.gob.ve\/index.php?rest_route=\/wp\/v2\/posts"}],"about":[{"href":"https:\/\/insalud.gob.ve\/index.php?rest_route=\/wp\/v2\/types\/post"}],"author":[{"embeddable":true,"href":"https:\/\/insalud.gob.ve\/index.php?rest_route=\/wp\/v2\/users\/2"}],"replies":[{"embeddable":true,"href":"https:\/\/insalud.gob.ve\/index.php?rest_route=%2Fwp%2Fv2%2Fcomments&post=10419"}],"version-history":[{"count":0,"href":"https:\/\/insalud.gob.ve\/index.php?rest_route=\/wp\/v2\/posts\/10419\/revisions"}],"wp:featuredmedia":[{"embeddable":true,"href":"https:\/\/insalud.gob.ve\/index.php?rest_route=\/wp\/v2\/media\/10420"}],"wp:attachment":[{"href":"https:\/\/insalud.gob.ve\/index.php?rest_route=%2Fwp%2Fv2%2Fmedia&parent=10419"}],"wp:term":[{"taxonomy":"category","embeddable":true,"href":"https:\/\/insalud.gob.ve\/index.php?rest_route=%2Fwp%2Fv2%2Fcategories&post=10419"},{"taxonomy":"post_tag","embeddable":true,"href":"https:\/\/insalud.gob.ve\/index.php?rest_route=%2Fwp%2Fv2%2Ftags&post=10419"}],"curies":[{"name":"wp","href":"https:\/\/api.w.org\/{rel}","templated":true}]}}