{"id":10431,"date":"2020-02-12T16:05:17","date_gmt":"2020-02-12T16:05:17","guid":{"rendered":"https:\/\/insalud.gob.ve\/?p=10431"},"modified":"2020-02-12T16:05:17","modified_gmt":"2020-02-12T16:05:17","slug":"insalud-anuncia-nuevas-jornadas-de-registro-para-personas-con-discapacidad","status":"publish","type":"post","link":"https:\/\/insalud.gob.ve\/?p=10431","title":{"rendered":"Insalud anuncia nuevas jornadas de registro para Personas con Discapacidad"},"content":{"rendered":"<p><span lang=\"ES\">Con la finalidad de carnetizar a toda la poblaci\u00f3n carabobe\u00f1a con necesidades especiales y alguna discapacidad f\u00edsica, a los fines de recibir atenci\u00f3n prioritaria, de acuerdo a los lineamientos establecidos en este sentido por el gobernador Rafael Lacava,\u00a0<\/span><span lang=\"ES\">la Direcci\u00f3n Estadal de Salud Integral para Personas con Discapacidad, anunci\u00f3 el inicio de nuevo proceso de clasificaci\u00f3n y calificaci\u00f3n de discapacidad.<\/span><\/p>\n<p><span lang=\"ES\">\u00a0<\/span><span lang=\"ES\">As\u00ed lo inform\u00f3 la directora Estadal<\/span><span lang=\"ES\">\u00a0de<\/span><span lang=\"ES\">\u00a0Salud Integral para Personas con Discapacidad de Insalud, Dra.<\/span><span lang=\"ES\">\u00a0Fanny<\/span><span lang=\"ES\">\u00a0Sequera, quien puntualiz\u00f3 que fue establecido un nuevo sistema de\u00a0clasificaci\u00f3n, por lo tanto, toda persona con discapacidad debe actualizar su registro y ser\u00a0reevaluada, posea o no carnet especial como discapacitado.<\/span><\/p>\n<p><span lang=\"ES\">\u00a0<\/span><span lang=\"ES\">Sequera inform\u00f3 que para llevar a cabo este procedimiento, podr\u00e1n presentarse en cualquiera de los SRI o Salas de Rehabilitaci\u00f3n Integral\u00a0(SRI)\u00a0del estado, para realizar una consulta con los m\u00e9dicos especialistas del \u00e1rea, \u00fanico personal certificado y autorizados para calificar y clasificar a las personas con discapacidad en el estado.<\/span><\/p>\n<p><span lang=\"ES\">\u00a0<\/span><span lang=\"ES\">Este personal laborar\u00e1 con exclusividad, dos d\u00edas a la semana, en la atenci\u00f3n de estos pacientes en el marco de la actualizaci\u00f3n del registro.<\/span><\/p>\n<p><span lang=\"ES\">\u00a0<\/span><span lang=\"ES\">As\u00ed mismo, y con la intenci\u00f3n de cumplir con los lineamientos del Ministerio del Poder Popular para la Salud (MPPS), la<\/span><span lang=\"ES\">\u00a0Direcci\u00f3n Estadal de Salud Integral para Personas con Discapacidad<\/span><span lang=\"ES\">, estar\u00e1 llevando a cabo jornadas simult\u00e1neas en \u00a0todos los municipios, con visitas a cada comunidad e instituci\u00f3n, para supervisar a los centros de rehabilitaci\u00f3n y proceder a la reevaluaci\u00f3n de la mayor cantidad de pacientes posible.<\/span><\/p>\n<p><span lang=\"ES\">\u00a0<\/span><span lang=\"ES\">Detall\u00f3 que todas aquellas personas que necesiten asistir a estas jornadas de actualizaci\u00f3n del registro de discapacitados, que durante la consulta de reevaluaci\u00f3n, deben presentar los\u00a0siguientes requisitos:<\/span><\/p>\n<p><span lang=\"ES\">1. Fotocopia de la c\u00e9dula de identidad.<\/span><\/p>\n<p><span lang=\"ES\">2.\u00a0Si es menor de 9 a\u00f1os, fotocopia de la partida de nacimiento y fotocopia de la c\u00e9dula de identidad de los padres o representantes.<\/span><\/p>\n<p><span lang=\"ES\">3.\u00a0Fotocopia del informe m\u00e9dico.<\/span><\/p>\n<p><span lang=\"ES\">4.\u00a0Carnet de la Patria.<\/span><\/p>\n<p><span lang=\"ES\"><a href=\"https:\/\/insalud.gob.ve\/?attachment_id=10432\" rel=\"attachment wp-att-10432\"><img loading=\"lazy\" class=\"aligncenter size-full wp-image-10432\" src=\"https:\/\/insalud.gob.ve\/wp-content\/uploads\/2020\/02\/discapacidad-2-1.jpg\" alt=\"\" width=\"450\" height=\"300\" srcset=\"https:\/\/insalud.gob.ve\/wp-content\/uploads\/2020\/02\/discapacidad-2-1.jpg 450w, https:\/\/insalud.gob.ve\/wp-content\/uploads\/2020\/02\/discapacidad-2-1-300x200.jpg 300w\" sizes=\"(max-width: 450px) 100vw, 450px\" \/><\/a><\/span><\/p>\n<p>&nbsp;<\/p>\n","protected":false},"excerpt":{"rendered":"<p>Con la finalidad de carnetizar a toda la poblaci\u00f3n carabobe\u00f1a con necesidades especiales y alguna discapacidad f\u00edsica, a los fines de recibir atenci\u00f3n prioritaria, de acuerdo a los lineamientos establecidos en este sentido por el gobernador Rafael Lacava,\u00a0la Direcci\u00f3n Estadal de Salud Integral para Personas con Discapacidad, anunci\u00f3 el inicio de nuevo proceso de clasificaci\u00f3n &hellip;<\/p>\n","protected":false},"author":2,"featured_media":10432,"comment_status":"open","ping_status":"closed","sticky":false,"template":"","format":"standard","meta":[],"categories":[31],"tags":[70,68,67,69],"_links":{"self":[{"href":"https:\/\/insalud.gob.ve\/index.php?rest_route=\/wp\/v2\/posts\/10431"}],"collection":[{"href":"https:\/\/insalud.gob.ve\/index.php?rest_route=\/wp\/v2\/posts"}],"about":[{"href":"https:\/\/insalud.gob.ve\/index.php?rest_route=\/wp\/v2\/types\/post"}],"author":[{"embeddable":true,"href":"https:\/\/insalud.gob.ve\/index.php?rest_route=\/wp\/v2\/users\/2"}],"replies":[{"embeddable":true,"href":"https:\/\/insalud.gob.ve\/index.php?rest_route=%2Fwp%2Fv2%2Fcomments&post=10431"}],"version-history":[{"count":0,"href":"https:\/\/insalud.gob.ve\/index.php?rest_route=\/wp\/v2\/posts\/10431\/revisions"}],"wp:featuredmedia":[{"embeddable":true,"href":"https:\/\/insalud.gob.ve\/index.php?rest_route=\/wp\/v2\/media\/10432"}],"wp:attachment":[{"href":"https:\/\/insalud.gob.ve\/index.php?rest_route=%2Fwp%2Fv2%2Fmedia&parent=10431"}],"wp:term":[{"taxonomy":"category","embeddable":true,"href":"https:\/\/insalud.gob.ve\/index.php?rest_route=%2Fwp%2Fv2%2Fcategories&post=10431"},{"taxonomy":"post_tag","embeddable":true,"href":"https:\/\/insalud.gob.ve\/index.php?rest_route=%2Fwp%2Fv2%2Ftags&post=10431"}],"curies":[{"name":"wp","href":"https:\/\/api.w.org\/{rel}","templated":true}]}}