{"id":10443,"date":"2020-02-12T16:34:29","date_gmt":"2020-02-12T16:34:29","guid":{"rendered":"https:\/\/insalud.gob.ve\/?p=10443"},"modified":"2020-10-11T18:51:14","modified_gmt":"2020-10-11T18:51:14","slug":"insalud-continua-jornada-de-actualizacion-de-fe-de-vida","status":"publish","type":"post","link":"https:\/\/insalud.gob.ve\/?p=10443","title":{"rendered":"Insalud contin\u00faa jornada de actualizaci\u00f3n de fe de vida"},"content":{"rendered":"<p><span lang=\"ES-TRAD\">El presidente de Insalud, Juan Carlos Y\u00e1nez, inform\u00f3 que las jornadas para actualizaci\u00f3n de fe de vida del a\u00f1o 2020 ser\u00e1n extendidas hasta el 30 de abril del presente a\u00f1o, para e<\/span><span lang=\"ES-TRAD\">l personal de jubilados y pensionados adscritos al ejecutivo regional.<a href=\"https:\/\/insalud.gob.ve\/?attachment_id=10444\" rel=\"attachment wp-att-10444\"><img loading=\"lazy\" class=\"aligncenter size-full wp-image-10444\" src=\"https:\/\/insalud.gob.ve\/wp-content\/uploads\/2020\/02\/adultos-mayores.-fe-de-vida.jpg\" alt=\"\" width=\"301\" height=\"167\" srcset=\"https:\/\/insalud.gob.ve\/wp-content\/uploads\/2020\/02\/adultos-mayores.-fe-de-vida.jpg 301w, https:\/\/insalud.gob.ve\/wp-content\/uploads\/2020\/02\/adultos-mayores.-fe-de-vida-300x166.jpg 300w\" sizes=\"(max-width: 301px) 100vw, 301px\" \/><\/a><\/span><\/p>\n<p><span lang=\"ES-TRAD\">\u00a0<\/span><span lang=\"ES-TRAD\">Y\u00e1nez puntualiz\u00f3 igualmente que la jornada se efectuar\u00e1 en la sede administrativa de Insalud, en un horario de oficina comprendido desde las 8:30 a.m. hasta las 3:30 p.m.<\/span><\/p>\n<p><span lang=\"ES-TRAD\">\u00a0<\/span><span lang=\"ES-TRAD\">El titular de Insalud precis\u00f3 que para la actualizaci\u00f3n de la fe de vida, los jubilados y pensionados solo deben presentar su c\u00e9dula de identidad laminada. De no\u00a0<\/span><span lang=\"ES-TRAD\">ser posible su presencia f\u00edsica en la sede del instituto, por razones de discapacidad o movilidad ilimitada, y requerir visita domiciliaria, deber\u00e1 consignar\u00a0<\/span><span lang=\"ES-TRAD\">su documento de identidad, adem\u00e1s de una copia, fotocopia de la libreta bancaria y el informe m\u00e9dico original.\u00a0<\/span><\/p>\n<p><span lang=\"ES-TRAD\">\u00a0<\/span><span lang=\"ES-TRAD\">La jornada de renovaci\u00f3n de fe de vida para jubilados y pensionados de la Gobernaci\u00f3n del estado Carabobo se efect\u00faa anualmente, siguiendo las directrices del Ministerio del Poder Popular para la Salud (MPPS), a fin de garantizar que el pago de pensiones llega directamente a cada uno de los beneficiarios, destac\u00f3 Y\u00e1nez.<\/span><\/p>\n<p><span lang=\"ES-TRAD\">\u00a0<\/span><\/p>\n","protected":false},"excerpt":{"rendered":"<p>El presidente de Insalud, Juan Carlos Y\u00e1nez, inform\u00f3 que las jornadas para actualizaci\u00f3n de fe de vida del a\u00f1o 2020 ser\u00e1n extendidas hasta el 30 de abril del presente a\u00f1o, para el personal de jubilados y pensionados adscritos al ejecutivo regional. \u00a0Y\u00e1nez puntualiz\u00f3 igualmente que la jornada se efectuar\u00e1 en la sede administrativa de Insalud, &hellip;<\/p>\n","protected":false},"author":2,"featured_media":10444,"comment_status":"open","ping_status":"closed","sticky":false,"template":"","format":"standard","meta":[],"categories":[92],"tags":[75,67,76,77],"_links":{"self":[{"href":"https:\/\/insalud.gob.ve\/index.php?rest_route=\/wp\/v2\/posts\/10443"}],"collection":[{"href":"https:\/\/insalud.gob.ve\/index.php?rest_route=\/wp\/v2\/posts"}],"about":[{"href":"https:\/\/insalud.gob.ve\/index.php?rest_route=\/wp\/v2\/types\/post"}],"author":[{"embeddable":true,"href":"https:\/\/insalud.gob.ve\/index.php?rest_route=\/wp\/v2\/users\/2"}],"replies":[{"embeddable":true,"href":"https:\/\/insalud.gob.ve\/index.php?rest_route=%2Fwp%2Fv2%2Fcomments&post=10443"}],"version-history":[{"count":0,"href":"https:\/\/insalud.gob.ve\/index.php?rest_route=\/wp\/v2\/posts\/10443\/revisions"}],"wp:featuredmedia":[{"embeddable":true,"href":"https:\/\/insalud.gob.ve\/index.php?rest_route=\/wp\/v2\/media\/10444"}],"wp:attachment":[{"href":"https:\/\/insalud.gob.ve\/index.php?rest_route=%2Fwp%2Fv2%2Fmedia&parent=10443"}],"wp:term":[{"taxonomy":"category","embeddable":true,"href":"https:\/\/insalud.gob.ve\/index.php?rest_route=%2Fwp%2Fv2%2Fcategories&post=10443"},{"taxonomy":"post_tag","embeddable":true,"href":"https:\/\/insalud.gob.ve\/index.php?rest_route=%2Fwp%2Fv2%2Ftags&post=10443"}],"curies":[{"name":"wp","href":"https:\/\/api.w.org\/{rel}","templated":true}]}}