{"id":10466,"date":"2020-03-05T21:06:31","date_gmt":"2020-03-05T21:06:31","guid":{"rendered":"https:\/\/insalud.gob.ve\/?p=10466"},"modified":"2020-03-05T21:06:31","modified_gmt":"2020-03-05T21:06:31","slug":"insalud-y-la-direccion-nacional-de-salud-ambiental-fijaron-estrategias-para-la-prevencion-del-covid-19","status":"publish","type":"post","link":"https:\/\/insalud.gob.ve\/?p=10466","title":{"rendered":"Insalud y la Direcci\u00f3n Nacional de Salud Ambiental fijaron estrategias para la prevenci\u00f3n del Covid 19"},"content":{"rendered":"<p>Siguiendo las pol\u00edticas sociales en materia de salud, por directrices del presidente de la rep\u00fablica, Nicol\u00e1s Maduro y el gobernador de Carabobo, Rafael Lacava, este jueves, representantes de la Direcci\u00f3n Nacional de Salud Ambiental, acudieron a la sede de Insalud, para fijar medidas de control y estrategias para la prevenci\u00f3n de enfermedades, como el Covid 19.<\/p>\n<p>Durante la mesa de trabajo, bajo los lineamientos del Ministerio del Poder Popular para la Salud (Mpps), el director general de Salud Ambiental, coronel Luis Gonz\u00e1lez Gota y el presidente de Insalud, Juan Carlos Y\u00e1nez, acordaron el fortalecimiento del Programa \u201cLa Salud va a la Escuela\u201d, as\u00ed como el inicio del plan de desparasitaci\u00f3n desde los \u00c1reas de Salud Integral Comunitaria (Asic), para disminuir riesgos de contagio.<\/p>\n<p>El coronel Gonz\u00e1lez, destac\u00f3 la importancia del reimpulso de todos los programas, haciendo \u00e9nfasis en el de radiof\u00edsica, fundamentales para detectar en diagn\u00f3stico por Imagen enfermedades de tipo pulmonar.<\/p>\n<p>A su vez, precis\u00f3 que es fundamental mantener y reimpulsar las medidas de control para prevenir epidemias o posibles brotes del Covid 19. Asimismo indic\u00f3 que enviar\u00eda circulares a cada trabajador del sector salud, para empoderarlos sobre el Coronavirus, con el prop\u00f3sito de que tangan las previsiones para tratar pacientes y evitar propagaciones en caso de que llegue el virus a la entidad.<\/p>\n<p>Por su parte, el titular de Insalud, asumi\u00f3 el compromiso de seguir ejecutando los trabajos mancomunados con los m\u00e9dicos y especialistas de los 14 municipios de la regi\u00f3n y mejorar las \u00e1reas con debilidad, para lograr el total funcionamiento de estos programas, garantizando salud de calidad a los habitantes de Carabobo, a fin de evitar la entrada de Covid 19, y en caso de que se suscite alg\u00fan caso poder actuar de manera efectiva.<\/p>\n<p>De igual manera, Y\u00e1nez acord\u00f3 con su equipo de trabajo realizar censos en los centros asistenciales para detectar sus debilidades y fortalezas y trabajar en ellos.<\/p>\n<p>En la reuni\u00f3n se recalc\u00f3 el fortalecimiento de la vigilancia en puertos y aeropuertos, se canalizaron las medidas de control vectorial y se recalc\u00f3 la importancia de campa\u00f1as para difundir medidas preventivas para evitar contagio del Covid 19.<\/p>\n<p><a href=\"https:\/\/insalud.gob.ve\/?attachment_id=10468\" rel=\"attachment wp-att-10468\"><img loading=\"lazy\" class=\"aligncenter size-large wp-image-10468\" src=\"https:\/\/insalud.gob.ve\/wp-content\/uploads\/2020\/03\/covid-1-1024x768.jpg\" alt=\"\" width=\"618\" height=\"464\" srcset=\"https:\/\/insalud.gob.ve\/wp-content\/uploads\/2020\/03\/covid-1-1024x768.jpg 1024w, https:\/\/insalud.gob.ve\/wp-content\/uploads\/2020\/03\/covid-1-300x225.jpg 300w, https:\/\/insalud.gob.ve\/wp-content\/uploads\/2020\/03\/covid-1-768x576.jpg 768w, https:\/\/insalud.gob.ve\/wp-content\/uploads\/2020\/03\/covid-1.jpg 1080w\" sizes=\"(max-width: 618px) 100vw, 618px\" \/><\/a><a href=\"https:\/\/insalud.gob.ve\/?attachment_id=10469\" rel=\"attachment wp-att-10469\"><img loading=\"lazy\" class=\"aligncenter size-large wp-image-10469\" src=\"https:\/\/insalud.gob.ve\/wp-content\/uploads\/2020\/03\/covid-2-1024x768.jpg\" alt=\"\" width=\"618\" height=\"464\" srcset=\"https:\/\/insalud.gob.ve\/wp-content\/uploads\/2020\/03\/covid-2-1024x768.jpg 1024w, https:\/\/insalud.gob.ve\/wp-content\/uploads\/2020\/03\/covid-2-300x225.jpg 300w, https:\/\/insalud.gob.ve\/wp-content\/uploads\/2020\/03\/covid-2-768x576.jpg 768w, https:\/\/insalud.gob.ve\/wp-content\/uploads\/2020\/03\/covid-2.jpg 1080w\" sizes=\"(max-width: 618px) 100vw, 618px\" \/><\/a>Luego del dialogo, el director general de Salud Ambiental, hizo entrega al presidente de Insalud, de un microscopio donado por la Cruz Roja Internacional, que servir\u00e1 para detectar enfermedades como Malaria, Tuberculosis, Chagas, Parasitosis, entre otras.<\/p>\n","protected":false},"excerpt":{"rendered":"<p>Siguiendo las pol\u00edticas sociales en materia de salud, por directrices del presidente de la rep\u00fablica, Nicol\u00e1s Maduro y el gobernador de Carabobo, Rafael Lacava, este jueves, representantes de la Direcci\u00f3n Nacional de Salud Ambiental, acudieron a la sede de Insalud, para fijar medidas de control y estrategias para la prevenci\u00f3n de enfermedades, como el Covid &hellip;<\/p>\n","protected":false},"author":2,"featured_media":10467,"comment_status":"open","ping_status":"closed","sticky":false,"template":"","format":"standard","meta":[],"categories":[31],"tags":[66,79,82,67,81,80,83],"_links":{"self":[{"href":"https:\/\/insalud.gob.ve\/index.php?rest_route=\/wp\/v2\/posts\/10466"}],"collection":[{"href":"https:\/\/insalud.gob.ve\/index.php?rest_route=\/wp\/v2\/posts"}],"about":[{"href":"https:\/\/insalud.gob.ve\/index.php?rest_route=\/wp\/v2\/types\/post"}],"author":[{"embeddable":true,"href":"https:\/\/insalud.gob.ve\/index.php?rest_route=\/wp\/v2\/users\/2"}],"replies":[{"embeddable":true,"href":"https:\/\/insalud.gob.ve\/index.php?rest_route=%2Fwp%2Fv2%2Fcomments&post=10466"}],"version-history":[{"count":0,"href":"https:\/\/insalud.gob.ve\/index.php?rest_route=\/wp\/v2\/posts\/10466\/revisions"}],"wp:featuredmedia":[{"embeddable":true,"href":"https:\/\/insalud.gob.ve\/index.php?rest_route=\/wp\/v2\/media\/10467"}],"wp:attachment":[{"href":"https:\/\/insalud.gob.ve\/index.php?rest_route=%2Fwp%2Fv2%2Fmedia&parent=10466"}],"wp:term":[{"taxonomy":"category","embeddable":true,"href":"https:\/\/insalud.gob.ve\/index.php?rest_route=%2Fwp%2Fv2%2Fcategories&post=10466"},{"taxonomy":"post_tag","embeddable":true,"href":"https:\/\/insalud.gob.ve\/index.php?rest_route=%2Fwp%2Fv2%2Ftags&post=10466"}],"curies":[{"name":"wp","href":"https:\/\/api.w.org\/{rel}","templated":true}]}}