{"id":10604,"date":"2020-09-19T21:58:35","date_gmt":"2020-09-19T21:58:35","guid":{"rendered":"https:\/\/insalud.gob.ve\/?p=10604"},"modified":"2020-11-05T03:01:50","modified_gmt":"2020-11-05T03:01:50","slug":"inaugurada-nueva-area-de-emergencia-de-adultos-del-hospital-dr-adolfo-prince-lara-de-puerto-cabello","status":"publish","type":"post","link":"https:\/\/insalud.gob.ve\/?p=10604","title":{"rendered":"Inaugurada nueva \u00e1rea de emergencia de adultos del Hospital \u201cDr. Adolfo Prince Lara\u201d de Puerto Cabello"},"content":{"rendered":"<p style=\"text-align: justify;\"><a href=\"https:\/\/insalud.gob.ve\/wp-content\/uploads\/2020\/09\/H2-1.jpg\"><img loading=\"lazy\" class=\"alignleft wp-image-10612 size-medium\" src=\"https:\/\/insalud.gob.ve\/wp-content\/uploads\/2020\/09\/H2-1-300x200.jpg\" alt=\"\" width=\"300\" height=\"200\" srcset=\"https:\/\/insalud.gob.ve\/wp-content\/uploads\/2020\/09\/H2-1-300x200.jpg 300w, https:\/\/insalud.gob.ve\/wp-content\/uploads\/2020\/09\/H2-1-768x511.jpg 768w, https:\/\/insalud.gob.ve\/wp-content\/uploads\/2020\/09\/H2-1-1024x682.jpg 1024w\" sizes=\"(max-width: 300px) 100vw, 300px\" \/><\/a>Desde este domingo 9 de agosto los habitantes del eje costero de los municipios Puerto Cabello y Juan Jos\u00e9 Mora, as\u00ed como las familias del eje oriental del Estado Falc\u00f3n y Yaracuy cuentan con un Servicio de Emergencia para Adultos moderno y equipado para disponer de espacios m\u00e1s funcionales, acordes a las necesidades de atenci\u00f3n m\u00e9dico quir\u00fargicas las 24 horas del d\u00eda.<\/p>\n<p style=\"text-align: justify;\">As\u00ed lo expres\u00f3 el Gobernador Rafael Lacava durante la inauguraci\u00f3n de estas \u00e1reas ubicadas en el hospital \u201cDr. Adolfo Prince Lara\u201d en Puerto Cabello, actividad especial realizada en el marco de una nueva jornada de salud encabezada por el Presidente Nicol\u00e1s Maduro y llevada a todo el pa\u00eds en transmisi\u00f3n especial de radio y televisi\u00f3n.<\/p>\n<p style=\"text-align: justify;\">Las \u00e1reas mejoradas del centro de salud\u00a0tipo III, reforzar\u00e1n la evaluaci\u00f3n y tratamiento especializado para los procedimientos de emergencia que se presenten, de acuerdo a los protocolos establecidos y en coordinaci\u00f3n con las distintas especialidades involucradas, garantizando una atenci\u00f3n \u00f3ptima y espacios dignos para pacientes, familiares y personal m\u00e9dico y de enfermer\u00eda del nosocomio situado en el centro norte costero del pa\u00eds.<\/p>\n<p style=\"text-align: justify;\">Durante el pase televisivo en vivo, el Gobernador Lacava explic\u00f3 al Primer Mandatario Nacional y al resto del pa\u00eds,<a href=\"https:\/\/insalud.gob.ve\/wp-content\/uploads\/2020\/09\/H3-1.jpg\"><img loading=\"lazy\" class=\"alignright wp-image-10613 size-medium\" src=\"https:\/\/insalud.gob.ve\/wp-content\/uploads\/2020\/09\/H3-1-300x200.jpg\" alt=\"\" width=\"300\" height=\"200\" srcset=\"https:\/\/insalud.gob.ve\/wp-content\/uploads\/2020\/09\/H3-1-300x200.jpg 300w, https:\/\/insalud.gob.ve\/wp-content\/uploads\/2020\/09\/H3-1-768x511.jpg 768w, https:\/\/insalud.gob.ve\/wp-content\/uploads\/2020\/09\/H3-1-1024x682.jpg 1024w\" sizes=\"(max-width: 300px) 100vw, 300px\" \/><\/a> que esta\u00a0obra de la unidad de emergencia para adultos del Prince Lara contempl\u00f3 la remodelaci\u00f3n total de 800 m2 de construcci\u00f3n, que comprende \u00e1reas de recepci\u00f3n, sala de nebulizaci\u00f3n, sala de yeso, cirug\u00eda menor, sala de rayos x, traumashock, observaci\u00f3n de traumashock, quir\u00f3fano, triaje, cuatro (4) consultorios, dos (2) salas de aislamiento, secci\u00f3n de observaci\u00f3n de medicina, \u00e1reas de descanso y pantry.<\/p>\n<p style=\"text-align: justify;\">\u201cMuy orgulloso porque hemos hecho esta emergencia espectacular.\u00a0Gracias a su apoyo, Presidente, logramos la instalaci\u00f3n del m\u00e1s moderno equipamiento m\u00e9dico y mobiliario completamente nuevo, un quir\u00f3fano completamente equipado\u201d, destac\u00f3.\u00a0\u00a0 Agreg\u00f3 que tambi\u00e9n fue instalado un sistema de 100 toneladas de aire acondicionado, con su respectiva ducter\u00eda de retorno e inyecci\u00f3n de aire ajustado a las normas sanitarias, as\u00ed como un sistema el\u00e9ctrico completamente nuevo, con multi tomas de 110V y 220V, iluminaci\u00f3n con paneles led, l\u00e1mparas de emergencia e impermeabilizaci\u00f3n de toda el \u00e1rea.<\/p>\n<p style=\"text-align: justify;\">\u201cSe ampli\u00f3 la capacidad del \u00e1rea de emergencia para adultos de 11 a 28 camas y se activ\u00f3 un sistema de gases medicinales totalmente independiente del sistema central del hospital, as\u00ed como instalaciones sanitarias completamente nuevas, tanto para aguas blancas como para aguas negras\u201d, coment\u00f3.<\/p>\n<p style=\"text-align: justify;\"><strong>\u00c1rea especial para pacientes Covid-19<\/strong><\/p>\n<p style=\"text-align: justify;\">En su intervenci\u00f3n, el Gobernador Rafael Lacava destac\u00f3 que las autoridades eval\u00faan activar un \u00e1rea de esta emergencia como zona para la atenci\u00f3n exclusiva de pacientes positivos por COVID-19, medida que permitir\u00eda aislar la emergencia del resto del centro de salud y brindarles tratamiento especializado a gestantes contagiadas para que den a luz en este espacio que cuenta con ventilaci\u00f3n asistida y mec\u00e1nica.<\/p>\n<p style=\"text-align: justify;\">Acompa\u00f1ado por Juan Carlos Betancourt, Alcalde de Puerto Cabello y por el Dr. Ram\u00f3n Rojas, director del Hospital \u201cDr. Adolfo Prince Lara\u201d, Lacava agradeci\u00f3 al personal asistencial en general, que tendr\u00e1 la responsabilidad de atender a quienes deban hacer uso de las nuevas instalaciones.<\/p>\n<p style=\"text-align: justify;\">\u201cA veces uno se pregunta en medio de la situaci\u00f3n tan complicada que estamos viviendo, c\u00f3mo este Gobierno logra romper el cerco criminal del bloqueo que nos han impuesto, y eso se logra romper porque esos h\u00e9roes an\u00f3nimos que hacen que estas cosas sucedan tienen determinaci\u00f3n y patriotismo\u201d, sostuvo.<\/p>\n<p style=\"text-align: justify;\">Por su parte, el director del Hospital Dr. Adolfo Prince Lara, Ram\u00f3n Rojas, agradeci\u00f3 al Presidente Nicol\u00e1s Maduro, al gobernador Rafael Lacava y al ministerio del poder popular para la Salud \u201cpor este regalo tan importante para el eje costero carabobe\u00f1o y parte de Falc\u00f3n\u201d.<\/p>\n","protected":false},"excerpt":{"rendered":"<p>Desde este domingo 9 de agosto los habitantes del eje costero de los municipios Puerto Cabello y Juan Jos\u00e9 Mora, as\u00ed como las familias del eje oriental del Estado Falc\u00f3n y Yaracuy cuentan con un Servicio de Emergencia para Adultos moderno y equipado para disponer de espacios m\u00e1s funcionales, acordes a las necesidades de atenci\u00f3n &hellip;<\/p>\n","protected":false},"author":1,"featured_media":10614,"comment_status":"open","ping_status":"closed","sticky":false,"template":"","format":"standard","meta":[],"categories":[31],"tags":[],"_links":{"self":[{"href":"https:\/\/insalud.gob.ve\/index.php?rest_route=\/wp\/v2\/posts\/10604"}],"collection":[{"href":"https:\/\/insalud.gob.ve\/index.php?rest_route=\/wp\/v2\/posts"}],"about":[{"href":"https:\/\/insalud.gob.ve\/index.php?rest_route=\/wp\/v2\/types\/post"}],"author":[{"embeddable":true,"href":"https:\/\/insalud.gob.ve\/index.php?rest_route=\/wp\/v2\/users\/1"}],"replies":[{"embeddable":true,"href":"https:\/\/insalud.gob.ve\/index.php?rest_route=%2Fwp%2Fv2%2Fcomments&post=10604"}],"version-history":[{"count":0,"href":"https:\/\/insalud.gob.ve\/index.php?rest_route=\/wp\/v2\/posts\/10604\/revisions"}],"wp:featuredmedia":[{"embeddable":true,"href":"https:\/\/insalud.gob.ve\/index.php?rest_route=\/wp\/v2\/media\/10614"}],"wp:attachment":[{"href":"https:\/\/insalud.gob.ve\/index.php?rest_route=%2Fwp%2Fv2%2Fmedia&parent=10604"}],"wp:term":[{"taxonomy":"category","embeddable":true,"href":"https:\/\/insalud.gob.ve\/index.php?rest_route=%2Fwp%2Fv2%2Fcategories&post=10604"},{"taxonomy":"post_tag","embeddable":true,"href":"https:\/\/insalud.gob.ve\/index.php?rest_route=%2Fwp%2Fv2%2Ftags&post=10604"}],"curies":[{"name":"wp","href":"https:\/\/api.w.org\/{rel}","templated":true}]}}