{"id":10605,"date":"2020-09-19T21:59:52","date_gmt":"2020-09-19T21:59:52","guid":{"rendered":"https:\/\/insalud.gob.ve\/?p=10605"},"modified":"2020-10-22T02:09:12","modified_gmt":"2020-10-22T02:09:12","slug":"ministerio-de-salud-inicia-jornadas-de-vacunacion-en-el-territorio-nacional","status":"publish","type":"post","link":"https:\/\/insalud.gob.ve\/?p=10605","title":{"rendered":"Ministerio de Salud inicia jornadas de vacunaci\u00f3n en el territorio nacional"},"content":{"rendered":"<div dir=\"auto\" style=\"text-align: justify;\"><strong>Caracas, 15.09.2020 (Prensa MPPS).-<\/strong> M\u00e1s de 3.558 brigadistas de vacunaci\u00f3n se despliegan a partir de este martes 15 de septiembre en el territorio nacional para cumplir con las jornadas de intensificaci\u00f3n en la cobertura de vacunaci\u00f3n 2020, implementadas por el Ministerio del Poder Popular para la Salud, en conjunto con la Organizaci\u00f3n Panamericana de la Salud (OPS) y la UNICEF.<\/div>\n<div dir=\"auto\" style=\"text-align: justify;\"><\/div>\n<div dir=\"auto\" style=\"text-align: justify;\"><a href=\"https:\/\/insalud.gob.ve\/wp-content\/uploads\/2020\/09\/WhatsApp-Image-2020-09-17-at-11.53.34-AM.jpeg\"><img loading=\"lazy\" class=\"alignleft wp-image-10601 size-thumbnail\" src=\"https:\/\/insalud.gob.ve\/wp-content\/uploads\/2020\/09\/WhatsApp-Image-2020-09-17-at-11.53.34-AM-150x150.jpeg\" alt=\"\" width=\"150\" height=\"150\" srcset=\"https:\/\/insalud.gob.ve\/wp-content\/uploads\/2020\/09\/WhatsApp-Image-2020-09-17-at-11.53.34-AM-150x150.jpeg 150w, https:\/\/insalud.gob.ve\/wp-content\/uploads\/2020\/09\/WhatsApp-Image-2020-09-17-at-11.53.34-AM-300x300.jpeg 300w, https:\/\/insalud.gob.ve\/wp-content\/uploads\/2020\/09\/WhatsApp-Image-2020-09-17-at-11.53.34-AM-768x768.jpeg 768w, https:\/\/insalud.gob.ve\/wp-content\/uploads\/2020\/09\/WhatsApp-Image-2020-09-17-at-11.53.34-AM-1024x1024.jpeg 1024w, https:\/\/insalud.gob.ve\/wp-content\/uploads\/2020\/09\/WhatsApp-Image-2020-09-17-at-11.53.34-AM.jpeg 1080w\" sizes=\"(max-width: 150px) 100vw, 150px\" \/><\/a>El abordaje se realizar\u00e1 desde este 15 de septiembre hasta el 30 de noviembre para luego mantenerse, en cada una de las 593 \u00c1reas de Salud Integral Comunitarias (ASIC) en todo el pa\u00eds, donde se administrar\u00e1n de forma segura, oportuna y gratuita las vacunas BCG, Antihepatitis B, Antipolio, Pentavalente, Fiebre Amarilla y Toxoide Tet\u00e1nico Dift\u00e9rico a la poblaci\u00f3n en general, en especial a los ni\u00f1os y ni\u00f1as de cero a 10 a\u00f1os y las mujeres en proceso de gestaci\u00f3n.<\/div>\n<div dir=\"auto\" style=\"text-align: justify;\"><\/div>\n<div dir=\"auto\" style=\"text-align: justify;\">Las brigadas de vacunaci\u00f3n est\u00e1n conformadas por 2 enfermeras y un promotor o promotora de salud , participar\u00e1n directamente m\u00e1s de 12.000 personas en la organizaci\u00f3n y ejecuci\u00f3n de esta jornada de vacunaci\u00f3n que se cumplir\u00e1 entre 9:00 de la ma\u00f1ana y 4:00 de la tarde en espacios abiertos habilitados por los l\u00edderes y lideresas comunitarias.<\/div>\n<div dir=\"auto\" style=\"text-align: justify;\"><\/div>\n<div dir=\"auto\" style=\"text-align: justify;\">En ese sentido, se activar\u00e1n puntos moviles de vacunaci\u00f3n en espacios abiertos de las comunidades, canchas deportivas techadas, \u00e1reas recreacionales de escuelas y liceos, lugares externos de consultorios populares, estacionamientos, club de abuelos, circulos de gestantes, entre otros, cumpliendo con las medidas de prevenci\u00f3n, distanciamiento y uso correcto de la mascarilla para evitar la transmisi\u00f3n del covid-19.<\/div>\n<div dir=\"auto\" style=\"text-align: justify;\"><\/div>\n<div dir=\"auto\" style=\"text-align: justify;\">El objetivo de este Plan de Intensificaci\u00f3n de la vacunaci\u00f3n para aumento de coberturas del Programa Ampliado de Inmunizaciones ante pandemia covid-19, es disminuir el riesgo de reemergencia o de ocurrencia de brotes de enfermedades prevenibles por vacunaci\u00f3n, a trav\u00e9s del incremento de las coberturas de las vacunas incluidas en el esquema nacional.<\/div>\n<div dir=\"auto\" style=\"text-align: justify;\"><\/div>\n<div dir=\"auto\" style=\"text-align: justify;\">El Programa Ampliado de Inmunizaciones es un servicio esencial a la salud, por lo que es necesario proteger a la poblaci\u00f3n infantil m\u00e1s vulnerable, raz\u00f3n por la cual se implement\u00f3 esta jornada manteniendo las normas de bioseguridad, en el marco de la pandemia del Covid-19.<\/div>\n<div dir=\"auto\" style=\"text-align: justify;\"><\/div>\n<div dir=\"auto\" style=\"text-align: justify;\">Esta jornada, que se mantendr\u00e1 hasta el 30 de noviembre, permitir\u00e1 iniciar, continuar y completar esquemas de vacunaci\u00f3n, priorizando las vacunas del esquema b\u00e1sico en la poblaci\u00f3n menor de 1 a\u00f1o, 1 a\u00f1o, 5 a\u00f1os, 10 a\u00f1os y embarazadas; adem\u00e1s de mantener los logros alcanzados en materia de erradicaci\u00f3n de la poliomielitis en Venezuela y la interrupci\u00f3n de la circulaci\u00f3n del sarampi\u00f3n en el pa\u00eds.<\/div>\n","protected":false},"excerpt":{"rendered":"<p>Caracas, 15.09.2020 (Prensa MPPS).- M\u00e1s de 3.558 brigadistas de vacunaci\u00f3n se despliegan a partir de este martes 15 de septiembre en el territorio nacional para cumplir con las jornadas de intensificaci\u00f3n en la cobertura de vacunaci\u00f3n 2020, implementadas por el Ministerio del Poder Popular para la Salud, en conjunto con la Organizaci\u00f3n Panamericana de la &hellip;<\/p>\n","protected":false},"author":1,"featured_media":10601,"comment_status":"open","ping_status":"closed","sticky":false,"template":"","format":"standard","meta":[],"categories":[31],"tags":[],"_links":{"self":[{"href":"https:\/\/insalud.gob.ve\/index.php?rest_route=\/wp\/v2\/posts\/10605"}],"collection":[{"href":"https:\/\/insalud.gob.ve\/index.php?rest_route=\/wp\/v2\/posts"}],"about":[{"href":"https:\/\/insalud.gob.ve\/index.php?rest_route=\/wp\/v2\/types\/post"}],"author":[{"embeddable":true,"href":"https:\/\/insalud.gob.ve\/index.php?rest_route=\/wp\/v2\/users\/1"}],"replies":[{"embeddable":true,"href":"https:\/\/insalud.gob.ve\/index.php?rest_route=%2Fwp%2Fv2%2Fcomments&post=10605"}],"version-history":[{"count":0,"href":"https:\/\/insalud.gob.ve\/index.php?rest_route=\/wp\/v2\/posts\/10605\/revisions"}],"wp:featuredmedia":[{"embeddable":true,"href":"https:\/\/insalud.gob.ve\/index.php?rest_route=\/wp\/v2\/media\/10601"}],"wp:attachment":[{"href":"https:\/\/insalud.gob.ve\/index.php?rest_route=%2Fwp%2Fv2%2Fmedia&parent=10605"}],"wp:term":[{"taxonomy":"category","embeddable":true,"href":"https:\/\/insalud.gob.ve\/index.php?rest_route=%2Fwp%2Fv2%2Fcategories&post=10605"},{"taxonomy":"post_tag","embeddable":true,"href":"https:\/\/insalud.gob.ve\/index.php?rest_route=%2Fwp%2Fv2%2Ftags&post=10605"}],"curies":[{"name":"wp","href":"https:\/\/api.w.org\/{rel}","templated":true}]}}