{"id":11584,"date":"2025-10-24T13:47:58","date_gmt":"2025-10-24T17:47:58","guid":{"rendered":"https:\/\/insalud.gob.ve\/?p=11584"},"modified":"2025-11-10T11:07:54","modified_gmt":"2025-11-10T15:07:54","slug":"carabobo-realizo-i-congreso-regional-de-enfermeria-2025-desde-el-teatro-municipal-de-valencia","status":"publish","type":"post","link":"https:\/\/insalud.gob.ve\/?p=11584","title":{"rendered":"Carabobo realiz\u00f3 I Congreso Regional de Enfermer\u00eda 2025 desde el Teatro Municipal de Valencia"},"content":{"rendered":"<p style=\"text-align: center\">Carabobo realiz\u00f3 I Congreso Regional de Enfermer\u00eda 2025 de Minsalud, con el objetivo de seguir formando a los profesionales de enfermer\u00eda y actualizando conocimientos<\/p>\n<p>Carabobo inici\u00f3 por todo lo alto el I Congreso Regional de Enfermer\u00eda 2025, emanado desde el Ministerio del Poder Popular para la Salud (Minsalud) para replicar el congreso nacional desarrollado en Caracas, con el objetivo de seguir formando a los profesionales de enfermer\u00eda para mejorar cada d\u00eda la atenci\u00f3n en su \u00e1mbito laboral<\/p>\n<p>El congreso se lleva a cabo desde el Teatro Municipal de Valencia y estuvo presidido por la autoridad \u00fanica de salud, Alexander Leal; el padrino de Carabobo por Min salud, Jean Pierre Rivas; la vicepresidenta m\u00e9dica de la Fundaci\u00f3n Instituto Carabobe\u00f1o para la Salud (Insalud), Xiomara V\u00e1squez y la directora regional de Enfermer\u00eda, Carmen Calder\u00f3n.<\/p>\n<p><a href=\"https:\/\/insalud.gob.ve\/?attachment_id=11579\" rel=\"attachment wp-att-11579\"><img loading=\"lazy\" class=\"aligncenter size-large wp-image-11579\" src=\"https:\/\/insalud.gob.ve\/wp-content\/uploads\/2025\/10\/5152514644466404123-1024x768.jpg\" alt=\"\" width=\"618\" height=\"464\" srcset=\"https:\/\/insalud.gob.ve\/wp-content\/uploads\/2025\/10\/5152514644466404123-1024x768.jpg 1024w, https:\/\/insalud.gob.ve\/wp-content\/uploads\/2025\/10\/5152514644466404123-300x225.jpg 300w, https:\/\/insalud.gob.ve\/wp-content\/uploads\/2025\/10\/5152514644466404123-768x576.jpg 768w, https:\/\/insalud.gob.ve\/wp-content\/uploads\/2025\/10\/5152514644466404123.jpg 1280w\" sizes=\"(max-width: 618px) 100vw, 618px\" \/><\/a><\/p>\n<p>En este sentido, Leal asegur\u00f3 que se inscribieron m\u00e1s de mil 500 enfermeras y enfermeros, quienes son el pilar fundamental de la atenci\u00f3n primaria por lo que durante los dos d\u00edas contar\u00e1n con una gran cantidad de invitados especiales y ponentes que m\u00e1s all\u00e1 del conocimiento, presentan de una forma original los nuevos avances en la profesi\u00f3n.<\/p>\n<blockquote>\n<p style=\"text-align: center\"><span style=\"font-size: 14pt\">Entre las ponencias destacan \u00abEnfermer\u00eda en el arte de escuchar el alma y el cuerpo\u00bb, \u00abImportancia del Profesional de Enfermer\u00eda en la Cirug\u00eda Ambulatoria\u00bb, \u00abBienestar Psicol\u00f3gico y S\u00edndrome de Burnout en el profesional de Enfermer\u00eda\u00bb, \u00abPlan estrat\u00e9gico para la calidad de atenci\u00f3n a pacientes con trastornos\u00a0 mentales\u00bb, \u00abMitos y realidades sobre la donaci\u00f3n y trasplante de \u00f3rgano tejido\u00bb, \u00abNuestras Manos como Herramienta principal en el cuidado Humano\u00bb, \u00abCompresi\u00f3n de la l\u00fadica en la formaci\u00f3n de enfermer\u00eda Vs la Risoterapia\u00bb, entre otras.<\/span><\/p>\n<p><a href=\"https:\/\/insalud.gob.ve\/?attachment_id=11577\" rel=\"attachment wp-att-11577\"><img loading=\"lazy\" class=\"aligncenter size-large wp-image-11577\" src=\"https:\/\/insalud.gob.ve\/wp-content\/uploads\/2025\/10\/5154453379818916645-1024x768.jpg\" alt=\"\" width=\"618\" height=\"464\" srcset=\"https:\/\/insalud.gob.ve\/wp-content\/uploads\/2025\/10\/5154453379818916645-1024x768.jpg 1024w, https:\/\/insalud.gob.ve\/wp-content\/uploads\/2025\/10\/5154453379818916645-300x225.jpg 300w, https:\/\/insalud.gob.ve\/wp-content\/uploads\/2025\/10\/5154453379818916645-768x576.jpg 768w, https:\/\/insalud.gob.ve\/wp-content\/uploads\/2025\/10\/5154453379818916645.jpg 1080w\" sizes=\"(max-width: 618px) 100vw, 618px\" \/><\/a><\/p><\/blockquote>\n<p>Por su parte, Carmen Calder\u00f3n, directora regional de Enfermer\u00eda afirm\u00f3 que durante los dos d\u00edas de ponencia se van a actualizar profesionales del Sistema P\u00fablico Nacional de Salud (SPNS) qu\u00e9 incluye Insalud, la Misi\u00f3n Barrio Adentro, El Instituto Venezolano de los Seguros Sociales (IVSS); con trabajo te\u00f3rico pr\u00e1ctico en temas de vital importancia para cuidar la salud del paciente.<\/p>\n<p><a href=\"https:\/\/insalud.gob.ve\/?attachment_id=11590\" rel=\"attachment wp-att-11590\"><img loading=\"lazy\" class=\"aligncenter size-large wp-image-11590\" src=\"https:\/\/insalud.gob.ve\/wp-content\/uploads\/2025\/10\/5154453379818916638-1024x768.jpg\" alt=\"\" width=\"618\" height=\"464\" srcset=\"https:\/\/insalud.gob.ve\/wp-content\/uploads\/2025\/10\/5154453379818916638-1024x768.jpg 1024w, https:\/\/insalud.gob.ve\/wp-content\/uploads\/2025\/10\/5154453379818916638-300x225.jpg 300w, https:\/\/insalud.gob.ve\/wp-content\/uploads\/2025\/10\/5154453379818916638-768x576.jpg 768w, https:\/\/insalud.gob.ve\/wp-content\/uploads\/2025\/10\/5154453379818916638.jpg 1080w\" sizes=\"(max-width: 618px) 100vw, 618px\" \/><\/a><\/p>\n<p>El I Congreso Regional de Enfermer\u00eda se desarrolla en todo el territorio nacional cumpliendo lineamientos del presidente Nicol\u00e1s Maduro, a trav\u00e9s de la ministra de Salud, Magaly Guti\u00e9rrez y en el estado con todo el apoyo del gobernador Rafael Lacava.<\/p>\n<p><em>Cindy Rodriguez, Prensa Insalud<\/em><\/p>\n<p><a href=\"https:\/\/insalud.gob.ve\/?attachment_id=11578\" rel=\"attachment wp-att-11578\"><img loading=\"lazy\" class=\"aligncenter size-large wp-image-11578\" src=\"https:\/\/insalud.gob.ve\/wp-content\/uploads\/2025\/10\/5154453379818916643-1024x768.jpg\" alt=\"\" width=\"618\" height=\"464\" srcset=\"https:\/\/insalud.gob.ve\/wp-content\/uploads\/2025\/10\/5154453379818916643-1024x768.jpg 1024w, https:\/\/insalud.gob.ve\/wp-content\/uploads\/2025\/10\/5154453379818916643-300x225.jpg 300w, https:\/\/insalud.gob.ve\/wp-content\/uploads\/2025\/10\/5154453379818916643-768x576.jpg 768w, https:\/\/insalud.gob.ve\/wp-content\/uploads\/2025\/10\/5154453379818916643.jpg 1080w\" sizes=\"(max-width: 618px) 100vw, 618px\" \/><\/a> <a href=\"https:\/\/insalud.gob.ve\/?attachment_id=11586\" rel=\"attachment wp-att-11586\"><img loading=\"lazy\" class=\"aligncenter size-large wp-image-11586\" src=\"https:\/\/insalud.gob.ve\/wp-content\/uploads\/2025\/10\/5152514644466404125-1024x768.jpg\" alt=\"\" width=\"618\" height=\"464\" srcset=\"https:\/\/insalud.gob.ve\/wp-content\/uploads\/2025\/10\/5152514644466404125-1024x768.jpg 1024w, https:\/\/insalud.gob.ve\/wp-content\/uploads\/2025\/10\/5152514644466404125-300x225.jpg 300w, https:\/\/insalud.gob.ve\/wp-content\/uploads\/2025\/10\/5152514644466404125-768x576.jpg 768w, https:\/\/insalud.gob.ve\/wp-content\/uploads\/2025\/10\/5152514644466404125.jpg 1280w\" sizes=\"(max-width: 618px) 100vw, 618px\" \/><\/a><\/p>\n","protected":false},"excerpt":{"rendered":"<p>Carabobo realiz\u00f3 I Congreso Regional de Enfermer\u00eda 2025 de Minsalud, con el objetivo de seguir formando a los profesionales de enfermer\u00eda y actualizando conocimientos Carabobo inici\u00f3 por todo lo alto el I Congreso Regional de Enfermer\u00eda 2025, emanado desde el Ministerio del Poder Popular para la Salud (Minsalud) para replicar el congreso nacional desarrollado en &hellip;<\/p>\n","protected":false},"author":2,"featured_media":11587,"comment_status":"open","ping_status":"closed","sticky":false,"template":"","format":"standard","meta":[],"categories":[88],"tags":[],"_links":{"self":[{"href":"https:\/\/insalud.gob.ve\/index.php?rest_route=\/wp\/v2\/posts\/11584"}],"collection":[{"href":"https:\/\/insalud.gob.ve\/index.php?rest_route=\/wp\/v2\/posts"}],"about":[{"href":"https:\/\/insalud.gob.ve\/index.php?rest_route=\/wp\/v2\/types\/post"}],"author":[{"embeddable":true,"href":"https:\/\/insalud.gob.ve\/index.php?rest_route=\/wp\/v2\/users\/2"}],"replies":[{"embeddable":true,"href":"https:\/\/insalud.gob.ve\/index.php?rest_route=%2Fwp%2Fv2%2Fcomments&post=11584"}],"version-history":[{"count":1,"href":"https:\/\/insalud.gob.ve\/index.php?rest_route=\/wp\/v2\/posts\/11584\/revisions"}],"predecessor-version":[{"id":11592,"href":"https:\/\/insalud.gob.ve\/index.php?rest_route=\/wp\/v2\/posts\/11584\/revisions\/11592"}],"wp:featuredmedia":[{"embeddable":true,"href":"https:\/\/insalud.gob.ve\/index.php?rest_route=\/wp\/v2\/media\/11587"}],"wp:attachment":[{"href":"https:\/\/insalud.gob.ve\/index.php?rest_route=%2Fwp%2Fv2%2Fmedia&parent=11584"}],"wp:term":[{"taxonomy":"category","embeddable":true,"href":"https:\/\/insalud.gob.ve\/index.php?rest_route=%2Fwp%2Fv2%2Fcategories&post=11584"},{"taxonomy":"post_tag","embeddable":true,"href":"https:\/\/insalud.gob.ve\/index.php?rest_route=%2Fwp%2Fv2%2Ftags&post=11584"}],"curies":[{"name":"wp","href":"https:\/\/api.w.org\/{rel}","templated":true}]}}