{"id":11604,"date":"2025-10-29T09:53:58","date_gmt":"2025-10-29T13:53:58","guid":{"rendered":"https:\/\/insalud.gob.ve\/?p=11604"},"modified":"2025-10-29T09:53:58","modified_gmt":"2025-10-29T13:53:58","slug":"programa-nacional-de-implante-coclear-realizo-cirugias-para-ninos-en-la-chet","status":"publish","type":"post","link":"https:\/\/insalud.gob.ve\/?p=11604","title":{"rendered":"Programa Nacional de Implante Coclear realiz\u00f3 cirug\u00edas para ni\u00f1os en la CHET"},"content":{"rendered":"<p>El Programa Nacional de Implante Coclear atendi\u00f3 a tres ni\u00f1os con cirug\u00edas de colocaci\u00f3n de estos equipos en la CHET de forma gratuita y a trav\u00e9s de la aplicaci\u00f3n Venapp.<\/p>\n<p><em>Prensa Gobernaci\u00f3n\/ Cindy Rodr\u00edguez<\/em><\/p>\n<p>El Programa Nacional de Implante Coclear impulsado por el Ministerio del Poder Popular para la Salud (Minsalud), atendi\u00f3 a tres ni\u00f1os con cirug\u00edas de colocaci\u00f3n de estos equipos en la Ciudad Hospitalaria Doctor Enrique Tejera (CHET) de Valencia de forma gratuita y a trav\u00e9s de la aplicaci\u00f3n Venapp.<\/p>\n<p>Esta intervenci\u00f3n quir\u00fargica de colocaci\u00f3n de implantes cocleares sirve para dar respuesta oportuna y efectiva a los pacientes con hipoacusia neurosensorial bilateral o sordera profunda, donde Carabobo se ha convertido en referente para la atenci\u00f3n de estos pacientes.<\/p>\n<p><a href=\"https:\/\/insalud.gob.ve\/?attachment_id=11598\" rel=\"attachment wp-att-11598\"><img loading=\"lazy\" class=\"aligncenter size-large wp-image-11598\" src=\"https:\/\/insalud.gob.ve\/wp-content\/uploads\/2025\/10\/5154453379818916766-1024x768.jpg\" alt=\"\" width=\"618\" height=\"464\" srcset=\"https:\/\/insalud.gob.ve\/wp-content\/uploads\/2025\/10\/5154453379818916766-1024x768.jpg 1024w, https:\/\/insalud.gob.ve\/wp-content\/uploads\/2025\/10\/5154453379818916766-300x225.jpg 300w, https:\/\/insalud.gob.ve\/wp-content\/uploads\/2025\/10\/5154453379818916766-768x576.jpg 768w, https:\/\/insalud.gob.ve\/wp-content\/uploads\/2025\/10\/5154453379818916766.jpg 1080w\" sizes=\"(max-width: 618px) 100vw, 618px\" \/><\/a><\/p>\n<p>En esta oportunidad fueron intervenidos los ni\u00f1os M\u00eda Hern\u00e1ndez, de cuatro a\u00f1os provenientes de\u00a0 Falc\u00f3n, Yeikol La Cruz, de seis a\u00f1os proveniente de la ciudad de Caracas y la peque\u00f1a Melany Salas de cinco a\u00f1os, oriunda del estado Aragua; quienes contaron con un gran equipo de salud y m\u00e9dicos especialistas como la doctora Leysi Cassanova, encargada de las cirug\u00edas.<\/p>\n<p>Por su parte, Gerardo Salas, m\u00e9dico jefe del Servicio de Otorrinolaringolog\u00eda de la CHET, explic\u00f3 que con la colocaci\u00f3n de estos implantes, los infantes podr\u00e1n ir adapt\u00e1ndose para escuchar sus primeros sonidos.<\/p>\n<blockquote><p><span style=\"font-size: 14pt\">\u00a0\u201cLa colocaci\u00f3n de los implantes servir\u00e1 para darle milagro a la audici\u00f3n a estos peque\u00f1os. Este programa es totalmente gratuito y desde nuestro servicio de otorrinolaringolog\u00eda seguimos trabajando en pro de la salud de la poblaci\u00f3n\u201d, coment\u00f3.<\/span><\/p>\n<p><a href=\"https:\/\/insalud.gob.ve\/?attachment_id=11594\" rel=\"attachment wp-att-11594\"><img loading=\"lazy\" class=\"aligncenter size-large wp-image-11594\" src=\"https:\/\/insalud.gob.ve\/wp-content\/uploads\/2025\/10\/5154453379818916771-1024x679.jpg\" alt=\"\" width=\"618\" height=\"410\" srcset=\"https:\/\/insalud.gob.ve\/wp-content\/uploads\/2025\/10\/5154453379818916771-1024x679.jpg 1024w, https:\/\/insalud.gob.ve\/wp-content\/uploads\/2025\/10\/5154453379818916771-300x199.jpg 300w, https:\/\/insalud.gob.ve\/wp-content\/uploads\/2025\/10\/5154453379818916771-768x509.jpg 768w, https:\/\/insalud.gob.ve\/wp-content\/uploads\/2025\/10\/5154453379818916771-310x205.jpg 310w, https:\/\/insalud.gob.ve\/wp-content\/uploads\/2025\/10\/5154453379818916771.jpg 1280w\" sizes=\"(max-width: 618px) 100vw, 618px\" \/><\/a><\/p><\/blockquote>\n<p><strong>Familias agradecidas<\/strong><\/p>\n<p>Yelika La Cruz, expres\u00f3 su gratitud por este logro y beneficio a su hijo que a partir de esta cirug\u00eda podr\u00e1 obtener su audici\u00f3n.<\/p>\n<blockquote><p><span style=\"font-size: 14pt\">\u201cGracias a un beneficio que otorga el presidente Nicol\u00e1s Maduro por medio del ministerio de salud, los cuales nos dieron la ayuda para el implante coclear que necesitaba mi hijo, ya que yo llevaba tiempo en el proceso de buscarlo, y gracias a ello se nos est\u00e1 cumpliendo el sue\u00f1o. Le doy las gracias y un cordial saludo al gobernador del estado Carabobo Rafael Lacava, que Dios lo bendiga y muchas gracias por este beneficio\u201d, expres\u00f3.<\/span><\/p><\/blockquote>\n<p>Por otro lado, Evelyn Tadino, manifest\u00f3 que con la colocaci\u00f3n de este equipo, su peque\u00f1o podr\u00e1 escuchar tranquilamente, experiencia que ha mantenido a la familia feliz, agradecida y con mucha esperanza.<\/p>\n<p>Estas acciones forman parte de las l\u00edneas de trabajo dentro del Plan de las 7 Transformaciones impulsado por el presidente Nicol\u00e1s Maduro, la ministra de salud Magaly Guti\u00e9rrez y dirigido en la regi\u00f3n por el gobernador Rafael Lacava, para as\u00ed garantizar un servicio de calidad a la poblaci\u00f3n en materia de salud.<\/p>\n<p><a href=\"https:\/\/insalud.gob.ve\/?attachment_id=11603\" rel=\"attachment wp-att-11603\"><img loading=\"lazy\" class=\"aligncenter size-large wp-image-11603\" src=\"https:\/\/insalud.gob.ve\/wp-content\/uploads\/2025\/10\/5154453379818916762-1024x768.jpg\" alt=\"\" width=\"618\" height=\"464\" srcset=\"https:\/\/insalud.gob.ve\/wp-content\/uploads\/2025\/10\/5154453379818916762-1024x768.jpg 1024w, https:\/\/insalud.gob.ve\/wp-content\/uploads\/2025\/10\/5154453379818916762-300x225.jpg 300w, https:\/\/insalud.gob.ve\/wp-content\/uploads\/2025\/10\/5154453379818916762-768x576.jpg 768w, https:\/\/insalud.gob.ve\/wp-content\/uploads\/2025\/10\/5154453379818916762.jpg 1080w\" sizes=\"(max-width: 618px) 100vw, 618px\" \/><\/a><a href=\"https:\/\/insalud.gob.ve\/?attachment_id=11602\" rel=\"attachment wp-att-11602\"><img loading=\"lazy\" class=\" wp-image-11602 alignleft\" src=\"https:\/\/insalud.gob.ve\/wp-content\/uploads\/2025\/10\/5154453379818916770-1024x1024.jpg\" alt=\"\" width=\"431\" height=\"431\" srcset=\"https:\/\/insalud.gob.ve\/wp-content\/uploads\/2025\/10\/5154453379818916770-1024x1024.jpg 1024w, https:\/\/insalud.gob.ve\/wp-content\/uploads\/2025\/10\/5154453379818916770-300x300.jpg 300w, https:\/\/insalud.gob.ve\/wp-content\/uploads\/2025\/10\/5154453379818916770-150x150.jpg 150w, https:\/\/insalud.gob.ve\/wp-content\/uploads\/2025\/10\/5154453379818916770-768x768.jpg 768w, https:\/\/insalud.gob.ve\/wp-content\/uploads\/2025\/10\/5154453379818916770.jpg 1080w\" sizes=\"(max-width: 431px) 100vw, 431px\" \/><\/a> <a href=\"https:\/\/insalud.gob.ve\/?attachment_id=11600\" rel=\"attachment wp-att-11600\"><img loading=\"lazy\" class=\"wp-image-11600 alignright\" src=\"https:\/\/insalud.gob.ve\/wp-content\/uploads\/2025\/10\/5154453379818916764-1024x1024.jpg\" alt=\"\" width=\"417\" height=\"417\" srcset=\"https:\/\/insalud.gob.ve\/wp-content\/uploads\/2025\/10\/5154453379818916764-1024x1024.jpg 1024w, https:\/\/insalud.gob.ve\/wp-content\/uploads\/2025\/10\/5154453379818916764-300x300.jpg 300w, https:\/\/insalud.gob.ve\/wp-content\/uploads\/2025\/10\/5154453379818916764-150x150.jpg 150w, https:\/\/insalud.gob.ve\/wp-content\/uploads\/2025\/10\/5154453379818916764-768x768.jpg 768w, https:\/\/insalud.gob.ve\/wp-content\/uploads\/2025\/10\/5154453379818916764.jpg 1080w\" sizes=\"(max-width: 417px) 100vw, 417px\" \/><\/a><\/p>\n","protected":false},"excerpt":{"rendered":"<p>El Programa Nacional de Implante Coclear atendi\u00f3 a tres ni\u00f1os con cirug\u00edas de colocaci\u00f3n de estos equipos en la CHET de forma gratuita y a trav\u00e9s de la aplicaci\u00f3n Venapp. Prensa Gobernaci\u00f3n\/ Cindy Rodr\u00edguez El Programa Nacional de Implante Coclear impulsado por el Ministerio del Poder Popular para la Salud (Minsalud), atendi\u00f3 a tres ni\u00f1os &hellip;<\/p>\n","protected":false},"author":2,"featured_media":11599,"comment_status":"open","ping_status":"closed","sticky":false,"template":"","format":"standard","meta":[],"categories":[88],"tags":[],"_links":{"self":[{"href":"https:\/\/insalud.gob.ve\/index.php?rest_route=\/wp\/v2\/posts\/11604"}],"collection":[{"href":"https:\/\/insalud.gob.ve\/index.php?rest_route=\/wp\/v2\/posts"}],"about":[{"href":"https:\/\/insalud.gob.ve\/index.php?rest_route=\/wp\/v2\/types\/post"}],"author":[{"embeddable":true,"href":"https:\/\/insalud.gob.ve\/index.php?rest_route=\/wp\/v2\/users\/2"}],"replies":[{"embeddable":true,"href":"https:\/\/insalud.gob.ve\/index.php?rest_route=%2Fwp%2Fv2%2Fcomments&post=11604"}],"version-history":[{"count":1,"href":"https:\/\/insalud.gob.ve\/index.php?rest_route=\/wp\/v2\/posts\/11604\/revisions"}],"predecessor-version":[{"id":11605,"href":"https:\/\/insalud.gob.ve\/index.php?rest_route=\/wp\/v2\/posts\/11604\/revisions\/11605"}],"wp:featuredmedia":[{"embeddable":true,"href":"https:\/\/insalud.gob.ve\/index.php?rest_route=\/wp\/v2\/media\/11599"}],"wp:attachment":[{"href":"https:\/\/insalud.gob.ve\/index.php?rest_route=%2Fwp%2Fv2%2Fmedia&parent=11604"}],"wp:term":[{"taxonomy":"category","embeddable":true,"href":"https:\/\/insalud.gob.ve\/index.php?rest_route=%2Fwp%2Fv2%2Fcategories&post=11604"},{"taxonomy":"post_tag","embeddable":true,"href":"https:\/\/insalud.gob.ve\/index.php?rest_route=%2Fwp%2Fv2%2Ftags&post=11604"}],"curies":[{"name":"wp","href":"https:\/\/api.w.org\/{rel}","templated":true}]}}