{"id":11606,"date":"2025-10-29T16:38:22","date_gmt":"2025-10-29T20:38:22","guid":{"rendered":"https:\/\/insalud.gob.ve\/?p=11606"},"modified":"2025-11-10T11:09:49","modified_gmt":"2025-11-10T15:09:49","slug":"instalado-en-carabobo-comite-de-promocion-de-salud-para-la-prevencion-de-enfermedades","status":"publish","type":"post","link":"https:\/\/insalud.gob.ve\/?p=11606","title":{"rendered":"Instalado en Carabobo Comit\u00e9 de Promoci\u00f3n de Salud para la Prevenci\u00f3n de Enfermedades"},"content":{"rendered":"<p>Conformaci\u00f3n del Comit\u00e9 de Promoci\u00f3n de Salud para la Prevenci\u00f3n de Enfermedades del estado Carabobo<\/p>\n<p>Este martes se conform\u00f3 el Comit\u00e9 de Promoci\u00f3n de Salud para la Prevenci\u00f3n de Enfermedades del estado Carabobo, cumpliendo instrucciones del Ministerio del Poder Popular para la Salud (Minsalud), durante una reuni\u00f3n efectuada en la sede principal de la Fundaci\u00f3n Instituto Carabobe\u00f1o para la Salud (Insalud).<\/p>\n<p>Esta cont\u00f3 con la participaci\u00f3n de representantes de la Misi\u00f3n M\u00e9dica Cubana, la autoridad \u00fanica de salud, Alexander Leal; el coordinador regional de la Fundaci\u00f3n Misi\u00f3n Barrio Adentro, Anthony Casique, la directora de la Universidad Ciencias de la Salud en el estado, Aida de Santiago y la directiva de Epidemiolog\u00eda, Programas y Red de Atenci\u00f3n Ambulatoria Especializada; quienes conformaron el comit\u00e9.<\/p>\n<p><a href=\"https:\/\/insalud.gob.ve\/?attachment_id=11617\" rel=\"attachment wp-att-11617\"><img loading=\"lazy\" class=\"aligncenter size-large wp-image-11617\" src=\"https:\/\/insalud.gob.ve\/wp-content\/uploads\/2025\/10\/WhatsApp-Image-2025-10-29-at-09.50.42-1024x768.jpeg\" alt=\"\" width=\"618\" height=\"464\" srcset=\"https:\/\/insalud.gob.ve\/wp-content\/uploads\/2025\/10\/WhatsApp-Image-2025-10-29-at-09.50.42-1024x768.jpeg 1024w, https:\/\/insalud.gob.ve\/wp-content\/uploads\/2025\/10\/WhatsApp-Image-2025-10-29-at-09.50.42-300x225.jpeg 300w, https:\/\/insalud.gob.ve\/wp-content\/uploads\/2025\/10\/WhatsApp-Image-2025-10-29-at-09.50.42-768x576.jpeg 768w, https:\/\/insalud.gob.ve\/wp-content\/uploads\/2025\/10\/WhatsApp-Image-2025-10-29-at-09.50.42-1536x1152.jpeg 1536w, https:\/\/insalud.gob.ve\/wp-content\/uploads\/2025\/10\/WhatsApp-Image-2025-10-29-at-09.50.42-2048x1536.jpeg 2048w\" sizes=\"(max-width: 618px) 100vw, 618px\" \/><\/a><\/p>\n<p>Durante el encuentro se compartieron experiencias de la Misi\u00f3n M\u00e9dica Cubana para el fortalecimiento pol\u00edticas p\u00fablicas de salud, con el objetivo de articular con todos los entes de atenci\u00f3n primaria para asegurar la implementaci\u00f3n de comit\u00e9s locales en los 14 municipios del estado.<\/p>\n<blockquote>\n<p style=\"text-align: center\"><span style=\"font-size: 14pt\">\u201cEs necesario contar con una estructura articulada y en constante comunicaci\u00f3n para una mejor coordinaci\u00f3n de acciones preventivas y una respuesta m\u00e1s eficiente ante posibles brotes epidemiol\u00f3gicos\u201d, indic\u00f3 la autoridad \u00fanica de salud.<\/span><\/p>\n<\/blockquote>\n<p>De igual forma, se acord\u00f3 la incorporaci\u00f3n activa de los jefes de las \u00c1reas de Salud Integral Comunitaria (ASIC), Centros de Diagn\u00f3stico Integral (CDI) y los responsables de los distintos ejes program\u00e1ticos quienes liderar\u00e1n las iniciativas en sus respectivos territorios.<\/p>\n<blockquote>\n<p style=\"text-align: center\"><span style=\"font-size: 14pt\">\u201cEste es un trabajo de todo el Sistema P\u00fablico Nacional de Salud (SPNS) engranado para la prevenci\u00f3n de enfermedades que afectan a la poblaci\u00f3n, muchas de ellas prevenibles por vacunas\u201d.<\/span><\/p>\n<\/blockquote>\n<p>En este sentido, el nuevo comit\u00e9 conformado este martes estar\u00e1 enfocado en el fortalecimiento de la atenci\u00f3n primaria como meta fundamental para el a\u00f1o 2026, como parte de las 7 Transformaciones de Venezuela de cara al 2030 ideadas por el presidente Nicol\u00e1s Maduro, la ministra de salud Magaly Guti\u00e9rrez y en Carabobo con todo el apoyo del gobernador Rafael Lacava.<\/p>\n<p><em>Cindy Rodr\u00edguez, Prensa Insalud<\/em><\/p>\n<p><a href=\"https:\/\/insalud.gob.ve\/?attachment_id=11620\" rel=\"attachment wp-att-11620\"><img loading=\"lazy\" class=\"aligncenter size-large wp-image-11620\" src=\"https:\/\/insalud.gob.ve\/wp-content\/uploads\/2025\/10\/WhatsApp-Image-2025-10-29-at-09.50.41-1024x768.jpeg\" alt=\"\" width=\"618\" height=\"464\" srcset=\"https:\/\/insalud.gob.ve\/wp-content\/uploads\/2025\/10\/WhatsApp-Image-2025-10-29-at-09.50.41-1024x768.jpeg 1024w, https:\/\/insalud.gob.ve\/wp-content\/uploads\/2025\/10\/WhatsApp-Image-2025-10-29-at-09.50.41-300x225.jpeg 300w, https:\/\/insalud.gob.ve\/wp-content\/uploads\/2025\/10\/WhatsApp-Image-2025-10-29-at-09.50.41-768x576.jpeg 768w, https:\/\/insalud.gob.ve\/wp-content\/uploads\/2025\/10\/WhatsApp-Image-2025-10-29-at-09.50.41-1536x1152.jpeg 1536w, https:\/\/insalud.gob.ve\/wp-content\/uploads\/2025\/10\/WhatsApp-Image-2025-10-29-at-09.50.41-2048x1536.jpeg 2048w\" sizes=\"(max-width: 618px) 100vw, 618px\" \/><\/a><\/p>\n","protected":false},"excerpt":{"rendered":"<p>Conformaci\u00f3n del Comit\u00e9 de Promoci\u00f3n de Salud para la Prevenci\u00f3n de Enfermedades del estado Carabobo Este martes se conform\u00f3 el Comit\u00e9 de Promoci\u00f3n de Salud para la Prevenci\u00f3n de Enfermedades del estado Carabobo, cumpliendo instrucciones del Ministerio del Poder Popular para la Salud (Minsalud), durante una reuni\u00f3n efectuada en la sede principal de la Fundaci\u00f3n &hellip;<\/p>\n","protected":false},"author":2,"featured_media":11616,"comment_status":"open","ping_status":"closed","sticky":false,"template":"","format":"standard","meta":[],"categories":[88],"tags":[],"_links":{"self":[{"href":"https:\/\/insalud.gob.ve\/index.php?rest_route=\/wp\/v2\/posts\/11606"}],"collection":[{"href":"https:\/\/insalud.gob.ve\/index.php?rest_route=\/wp\/v2\/posts"}],"about":[{"href":"https:\/\/insalud.gob.ve\/index.php?rest_route=\/wp\/v2\/types\/post"}],"author":[{"embeddable":true,"href":"https:\/\/insalud.gob.ve\/index.php?rest_route=\/wp\/v2\/users\/2"}],"replies":[{"embeddable":true,"href":"https:\/\/insalud.gob.ve\/index.php?rest_route=%2Fwp%2Fv2%2Fcomments&post=11606"}],"version-history":[{"count":2,"href":"https:\/\/insalud.gob.ve\/index.php?rest_route=\/wp\/v2\/posts\/11606\/revisions"}],"predecessor-version":[{"id":11623,"href":"https:\/\/insalud.gob.ve\/index.php?rest_route=\/wp\/v2\/posts\/11606\/revisions\/11623"}],"wp:featuredmedia":[{"embeddable":true,"href":"https:\/\/insalud.gob.ve\/index.php?rest_route=\/wp\/v2\/media\/11616"}],"wp:attachment":[{"href":"https:\/\/insalud.gob.ve\/index.php?rest_route=%2Fwp%2Fv2%2Fmedia&parent=11606"}],"wp:term":[{"taxonomy":"category","embeddable":true,"href":"https:\/\/insalud.gob.ve\/index.php?rest_route=%2Fwp%2Fv2%2Fcategories&post=11606"},{"taxonomy":"post_tag","embeddable":true,"href":"https:\/\/insalud.gob.ve\/index.php?rest_route=%2Fwp%2Fv2%2Ftags&post=11606"}],"curies":[{"name":"wp","href":"https:\/\/api.w.org\/{rel}","templated":true}]}}