{"id":11681,"date":"2025-12-09T13:48:46","date_gmt":"2025-12-09T17:48:46","guid":{"rendered":"https:\/\/insalud.gob.ve\/?p=11681"},"modified":"2025-12-09T13:48:46","modified_gmt":"2025-12-09T17:48:46","slug":"siete-ninos-carabobenos-beneficiados-con-cirugias-de-orl-en-el-hospital-pediatrico-de-la-chet","status":"publish","type":"post","link":"https:\/\/insalud.gob.ve\/?p=11681","title":{"rendered":"Siete ni\u00f1os carabobe\u00f1os beneficiados con cirug\u00edas de ORL en el hospital pedi\u00e1trico de la CHET"},"content":{"rendered":"<p>El Ministerio del Poder Popular para la salud (Minsalud), en articulaci\u00f3n con la Gobernaci\u00f3n de Carabobo, desarroll\u00f3 una jornada quir\u00fargica pedi\u00e1trica para el beneficio de siete ni\u00f1os con condiciones de Otorrinolaringolog\u00eda. Este se llev\u00f3 a cabo en el Hospital Pedi\u00e1trico Jorge Lizarraga de la Ciudad Hospitalaria Dr. Enrique Tejera (CHET) de la Ciudad de Valencia.<\/p>\n<p>Esta jornada se realiz\u00f3 para atender a pacientes\u00a0 del Centro de Atenci\u00f3n Integral para Ni\u00f1os y Ni\u00f1as con Discapacidad (Caicaraobobo), as\u00ed como otros casos propios del servicio de ORL de la ciudad hospitalaria; Con edades comprendidas entre los 4 y 8 a\u00f1os de edad, quienes fueron intervenidos con cirug\u00edas de adenotonsilectom\u00eda\u00a0 y turbinoplastia inferior bilateral, para extirpaci\u00f3n de\u00a0 las am\u00edgdalas, adenoides y reducci\u00f3n de cornetes nasales inferiores.<\/p>\n<p><a href=\"https:\/\/insalud.gob.ve\/?attachment_id=11688\" rel=\"attachment wp-att-11688\"><img loading=\"lazy\" class=\"aligncenter size-large wp-image-11688\" src=\"https:\/\/insalud.gob.ve\/wp-content\/uploads\/2025\/12\/4997061593132632981-1024x768.jpg\" alt=\"\" width=\"618\" height=\"464\" srcset=\"https:\/\/insalud.gob.ve\/wp-content\/uploads\/2025\/12\/4997061593132632981-1024x768.jpg 1024w, https:\/\/insalud.gob.ve\/wp-content\/uploads\/2025\/12\/4997061593132632981-300x225.jpg 300w, https:\/\/insalud.gob.ve\/wp-content\/uploads\/2025\/12\/4997061593132632981-768x576.jpg 768w, https:\/\/insalud.gob.ve\/wp-content\/uploads\/2025\/12\/4997061593132632981.jpg 1080w\" sizes=\"(max-width: 618px) 100vw, 618px\" \/><\/a><\/p>\n<p>Alexander Leal, autoridad \u00fanica de salud de Carabobo, estuvo presente durante las intervenciones e indic\u00f3 que durante este plan quir\u00fargico contaron con especialistas y un excelente equipo de salud comprometido en con estas cirug\u00edas que permitir\u00e1n a los ni\u00f1os y ni\u00f1as mejorar su calidad de vida, as\u00ed como seguir desarrollando sus habilidades para la vida.<\/p>\n<blockquote><p><span style=\"font-size: 14pt\">\u201cEsto forma parte de las pol\u00edticas de salud implementadas por el presidente Nicol\u00e1s Maduro, a trav\u00e9s de la ministra de salud, Magaly Guti\u00e9rrez y del gobernador Rafael Lacava. Ellos trabajan incansablemente para implementar estas acciones que ayudan cada d\u00eda a nuestros carabobe\u00f1os\u201d, asegur\u00f3 Leal.<\/span><\/p><\/blockquote>\n<p>Por su parte Gerardo Salas, jefe del servicio de Otorrinolaringolog\u00eda Dr. Alfredo Celis P\u00e9rez destac\u00f3 que gracias a un convenio, estas cirug\u00edas se realizaron con tecnolog\u00eda de radiofrecuencia para poder lograr una mejor recuperaci\u00f3n de los pacientes durante el postoperatorio.<\/p>\n<blockquote><p><span style=\"font-size: 14pt\">\u201cEstamos articulados con los otorrinolaring\u00f3logos del Caicarabobo, por lo que estamos colaborando todos con el objetivo de regalar a estos peque\u00f1os la resoluci\u00f3n de esas patolog\u00edas y mejorar su calidad de vida\u201d, asegur\u00f3.<\/span><\/p>\n<p><a href=\"https:\/\/insalud.gob.ve\/?attachment_id=11683\" rel=\"attachment wp-att-11683\"><img loading=\"lazy\" class=\"aligncenter size-large wp-image-11683\" src=\"https:\/\/insalud.gob.ve\/wp-content\/uploads\/2025\/12\/4997061593132632984-1024x768.jpg\" alt=\"\" width=\"618\" height=\"464\" srcset=\"https:\/\/insalud.gob.ve\/wp-content\/uploads\/2025\/12\/4997061593132632984-1024x768.jpg 1024w, https:\/\/insalud.gob.ve\/wp-content\/uploads\/2025\/12\/4997061593132632984-300x225.jpg 300w, https:\/\/insalud.gob.ve\/wp-content\/uploads\/2025\/12\/4997061593132632984-768x576.jpg 768w, https:\/\/insalud.gob.ve\/wp-content\/uploads\/2025\/12\/4997061593132632984.jpg 1080w\" sizes=\"(max-width: 618px) 100vw, 618px\" \/><\/a><\/p><\/blockquote>\n<p>Familiares de los ni\u00f1os y ni\u00f1as beneficiados agradecieron por esta jornada, as\u00ed como la oportunidad de esta intervenci\u00f3n quir\u00fargica de forma gratuita para ayudar a sus peque\u00f1os. Como fue el caso de Robert Avila, pap\u00e1 se Santiago, quien fue beneficiado.<\/p>\n<blockquote><p><span style=\"font-size: 14pt\"> \u201cMi ni\u00f1o ser\u00e1 intervenido por adenoides, por lo que agradezco a todos los que hicieron posible esto, de verdad mi hijo lo necesita y de otra forma no hubi\u00e9semos podido costearla\u201d, manifest\u00f3.<\/span><\/p>\n<p><a href=\"https:\/\/insalud.gob.ve\/?attachment_id=11689\" rel=\"attachment wp-att-11689\"><img loading=\"lazy\" class=\"aligncenter size-large wp-image-11689\" src=\"https:\/\/insalud.gob.ve\/wp-content\/uploads\/2025\/12\/4997061593132632977-1024x768.jpg\" alt=\"\" width=\"618\" height=\"464\" srcset=\"https:\/\/insalud.gob.ve\/wp-content\/uploads\/2025\/12\/4997061593132632977-1024x768.jpg 1024w, https:\/\/insalud.gob.ve\/wp-content\/uploads\/2025\/12\/4997061593132632977-300x225.jpg 300w, https:\/\/insalud.gob.ve\/wp-content\/uploads\/2025\/12\/4997061593132632977-768x576.jpg 768w, https:\/\/insalud.gob.ve\/wp-content\/uploads\/2025\/12\/4997061593132632977.jpg 1080w\" sizes=\"(max-width: 618px) 100vw, 618px\" \/><\/a><\/p><\/blockquote>\n<p>A trav\u00e9s del servicio de ORL de la CHET se ha beneficiado a ni\u00f1os y ni\u00f1as que ameritan cirug\u00edas de esta especialidad, donde se brinda atenci\u00f3n gratuita y de calidad, siguiendo lineamientos del presidente Nicol\u00e1s Maduro, la ministra de salud Magaly Guti\u00e9rrez y el gobernador Rafael Lacava.<\/p>\n<p>Cindy Rodr\u00edguez<\/p>\n<p><a href=\"https:\/\/insalud.gob.ve\/?attachment_id=11691\" rel=\"attachment wp-att-11691\"><img loading=\"lazy\" class=\"aligncenter size-large wp-image-11691\" src=\"https:\/\/insalud.gob.ve\/wp-content\/uploads\/2025\/12\/4997061593132632979-1024x768.jpg\" alt=\"\" width=\"618\" height=\"464\" srcset=\"https:\/\/insalud.gob.ve\/wp-content\/uploads\/2025\/12\/4997061593132632979-1024x768.jpg 1024w, https:\/\/insalud.gob.ve\/wp-content\/uploads\/2025\/12\/4997061593132632979-300x225.jpg 300w, https:\/\/insalud.gob.ve\/wp-content\/uploads\/2025\/12\/4997061593132632979-768x576.jpg 768w, https:\/\/insalud.gob.ve\/wp-content\/uploads\/2025\/12\/4997061593132632979.jpg 1080w\" sizes=\"(max-width: 618px) 100vw, 618px\" \/><\/a><\/p>\n<p><a href=\"https:\/\/insalud.gob.ve\/?attachment_id=11690\" rel=\"attachment wp-att-11690\"><img loading=\"lazy\" class=\"aligncenter size-large wp-image-11690\" src=\"https:\/\/insalud.gob.ve\/wp-content\/uploads\/2025\/12\/4997061593132632978-1024x768.jpg\" alt=\"\" width=\"618\" height=\"464\" srcset=\"https:\/\/insalud.gob.ve\/wp-content\/uploads\/2025\/12\/4997061593132632978-1024x768.jpg 1024w, https:\/\/insalud.gob.ve\/wp-content\/uploads\/2025\/12\/4997061593132632978-300x225.jpg 300w, https:\/\/insalud.gob.ve\/wp-content\/uploads\/2025\/12\/4997061593132632978-768x576.jpg 768w, https:\/\/insalud.gob.ve\/wp-content\/uploads\/2025\/12\/4997061593132632978.jpg 1080w\" sizes=\"(max-width: 618px) 100vw, 618px\" \/><\/a><\/p>\n<p><a href=\"https:\/\/insalud.gob.ve\/?attachment_id=11686\" rel=\"attachment wp-att-11686\"><img loading=\"lazy\" class=\"aligncenter size-large wp-image-11686\" src=\"https:\/\/insalud.gob.ve\/wp-content\/uploads\/2025\/12\/4997061593132632980-1024x768.jpg\" alt=\"\" width=\"618\" height=\"464\" srcset=\"https:\/\/insalud.gob.ve\/wp-content\/uploads\/2025\/12\/4997061593132632980-1024x768.jpg 1024w, https:\/\/insalud.gob.ve\/wp-content\/uploads\/2025\/12\/4997061593132632980-300x225.jpg 300w, https:\/\/insalud.gob.ve\/wp-content\/uploads\/2025\/12\/4997061593132632980-768x576.jpg 768w, https:\/\/insalud.gob.ve\/wp-content\/uploads\/2025\/12\/4997061593132632980.jpg 1080w\" sizes=\"(max-width: 618px) 100vw, 618px\" \/><\/a><\/p>\n","protected":false},"excerpt":{"rendered":"<p>El Ministerio del Poder Popular para la salud (Minsalud), en articulaci\u00f3n con la Gobernaci\u00f3n de Carabobo, desarroll\u00f3 una jornada quir\u00fargica pedi\u00e1trica para el beneficio de siete ni\u00f1os con condiciones de Otorrinolaringolog\u00eda. Este se llev\u00f3 a cabo en el Hospital Pedi\u00e1trico Jorge Lizarraga de la Ciudad Hospitalaria Dr. Enrique Tejera (CHET) de la Ciudad de Valencia. &hellip;<\/p>\n","protected":false},"author":2,"featured_media":11692,"comment_status":"open","ping_status":"closed","sticky":false,"template":"","format":"standard","meta":[],"categories":[88,86],"tags":[],"_links":{"self":[{"href":"https:\/\/insalud.gob.ve\/index.php?rest_route=\/wp\/v2\/posts\/11681"}],"collection":[{"href":"https:\/\/insalud.gob.ve\/index.php?rest_route=\/wp\/v2\/posts"}],"about":[{"href":"https:\/\/insalud.gob.ve\/index.php?rest_route=\/wp\/v2\/types\/post"}],"author":[{"embeddable":true,"href":"https:\/\/insalud.gob.ve\/index.php?rest_route=\/wp\/v2\/users\/2"}],"replies":[{"embeddable":true,"href":"https:\/\/insalud.gob.ve\/index.php?rest_route=%2Fwp%2Fv2%2Fcomments&post=11681"}],"version-history":[{"count":1,"href":"https:\/\/insalud.gob.ve\/index.php?rest_route=\/wp\/v2\/posts\/11681\/revisions"}],"predecessor-version":[{"id":11693,"href":"https:\/\/insalud.gob.ve\/index.php?rest_route=\/wp\/v2\/posts\/11681\/revisions\/11693"}],"wp:featuredmedia":[{"embeddable":true,"href":"https:\/\/insalud.gob.ve\/index.php?rest_route=\/wp\/v2\/media\/11692"}],"wp:attachment":[{"href":"https:\/\/insalud.gob.ve\/index.php?rest_route=%2Fwp%2Fv2%2Fmedia&parent=11681"}],"wp:term":[{"taxonomy":"category","embeddable":true,"href":"https:\/\/insalud.gob.ve\/index.php?rest_route=%2Fwp%2Fv2%2Fcategories&post=11681"},{"taxonomy":"post_tag","embeddable":true,"href":"https:\/\/insalud.gob.ve\/index.php?rest_route=%2Fwp%2Fv2%2Ftags&post=11681"}],"curies":[{"name":"wp","href":"https:\/\/api.w.org\/{rel}","templated":true}]}}