{"id":8159,"date":"2017-11-10T12:56:00","date_gmt":"2017-11-10T12:56:00","guid":{"rendered":"https:\/\/insalud.gob.ve\/?p=8159"},"modified":"2017-12-01T20:32:33","modified_gmt":"2017-12-01T20:32:33","slug":"mas-de-26-mil-ninos-y-adolescentes-inmunizados-en-escuelas-de-carabobo","status":"publish","type":"post","link":"https:\/\/insalud.gob.ve\/?p=8159","title":{"rendered":"M\u00e1s de 26 mil ni\u00f1os y adolescentes inmunizados en escuelas de Carabobo"},"content":{"rendered":"<p><a href=\"https:\/\/insalud.gob.ve\/?attachment_id=8160\" rel=\"attachment wp-att-8160\"><img loading=\"lazy\" class=\"alignleft size-medium wp-image-8160\" src=\"https:\/\/insalud.gob.ve\/wp-content\/uploads\/2017\/11\/IMG_7337-300x200.jpg\" alt=\"\" width=\"300\" height=\"200\" srcset=\"https:\/\/insalud.gob.ve\/wp-content\/uploads\/2017\/11\/IMG_7337-300x200.jpg 300w, https:\/\/insalud.gob.ve\/wp-content\/uploads\/2017\/11\/IMG_7337-768x512.jpg 768w, https:\/\/insalud.gob.ve\/wp-content\/uploads\/2017\/11\/IMG_7337-1024x683.jpg 1024w\" sizes=\"(max-width: 300px) 100vw, 300px\" \/><\/a>Un total de 26 mil 913 ni\u00f1os, ni\u00f1as y adolescentes han sido inmunizados en las escuelas de \u00a0Carabobo, desde el arranque de la segunda fase del Plan Nacional de Vacunaci\u00f3n, lo que significa que en tan s\u00f3lo tres d\u00edas la gesti\u00f3n del gobernador Rafael Lacava logr\u00f3 cumplir con la meta exigida por el Ministerio del Poder Popular para la Salud (MPPS).<\/p>\n<p>La vicepresidenta m\u00e9dica de Insalud, Lenik Hon, durante una rueda de prensa celebrada este jueves, asegur\u00f3 que el personal de salud ha abordado m\u00e1s de 22 planteles educativos de la regi\u00f3n. \u201cEl pueblo de Carabobo cuenta con el \u00a0apoyo del presidente Nicol\u00e1s Maduro; con el ministro Luis L\u00f3pez y nuestro gobernador Rafael Lacava, seguimos abocados en garantizar la salud de todos mediante esta campa\u00f1a de vacunaci\u00f3n\u201d, agreg\u00f3.<\/p>\n<p>En este sentido, enfatiz\u00f3 que para el desarrollo de esta etapa se han activado m\u00e1s de mil 500 funcionarios en los 14 municipios, quienes desde el lunes 06 est\u00e1n movilizados en los diferentes planteles educativos. \u201cEstas visitas las estaremos realizando hasta el pr\u00f3ximo 20 de noviembre, sin dejar a un lado las acciones de rutina que hacemos en los 148 puestos fijos de vacunaci\u00f3n, para ofrecer el esquema completo de inmunizaci\u00f3n\u201d, apunt\u00f3 Hon.<\/p>\n<p><strong>Casos sospechosos de difteria disminuyen en 50% <\/strong><\/p>\n<p><a href=\"https:\/\/insalud.gob.ve\/?attachment_id=8161\" rel=\"attachment wp-att-8161\"><img loading=\"lazy\" class=\"alignright size-medium wp-image-8161\" src=\"https:\/\/insalud.gob.ve\/wp-content\/uploads\/2017\/11\/LENIK-HON-300x195.jpg\" alt=\"\" width=\"300\" height=\"195\" srcset=\"https:\/\/insalud.gob.ve\/wp-content\/uploads\/2017\/11\/LENIK-HON-300x195.jpg 300w, https:\/\/insalud.gob.ve\/wp-content\/uploads\/2017\/11\/LENIK-HON-768x498.jpg 768w, https:\/\/insalud.gob.ve\/wp-content\/uploads\/2017\/11\/LENIK-HON-1024x664.jpg 1024w\" sizes=\"(max-width: 300px) 100vw, 300px\" \/><\/a>Por otra parte, la epidemi\u00f3logo regional, Mar\u00eda Auxiliadora Rangel, afirm\u00f3 que en Carabobo han disminuido en un 50 por ciento los casos sospechosos relacionados a difteria. \u201cEl 80 \u00a0por ciento \u00a0de los casos no est\u00e1n cl\u00ednica y epidemiol\u00f3gicamente asociados a la difteria, se trata principalmente de faringoamigdalitis y accesos periamigdalitis\u201d, a\u00f1adi\u00f3.<\/p>\n<p>Destac\u00f3 que en el estado s\u00f3lo existen casos sospechosos importados, con nexos epidemiol\u00f3gicos. \u201cParticularmente nos han llegado pacientes de Bol\u00edvar, Apure, Anzo\u00e1tegui y T\u00e1chira. \u00a0Tengan la plena seguridad de que todas estas personas han tenido \u00a0su tratamiento completo, gracias al Gobierno Bolivariano\u201d, asegur\u00f3.<\/p>\n<p><a href=\"https:\/\/insalud.gob.ve\/?attachment_id=8162\" rel=\"attachment wp-att-8162\"><img loading=\"lazy\" class=\"alignleft size-medium wp-image-8162\" src=\"https:\/\/insalud.gob.ve\/wp-content\/uploads\/2017\/11\/3-1-300x162.jpg\" alt=\"\" width=\"300\" height=\"162\" srcset=\"https:\/\/insalud.gob.ve\/wp-content\/uploads\/2017\/11\/3-1-300x162.jpg 300w, https:\/\/insalud.gob.ve\/wp-content\/uploads\/2017\/11\/3-1-768x415.jpg 768w, https:\/\/insalud.gob.ve\/wp-content\/uploads\/2017\/11\/3-1-1024x554.jpg 1024w\" sizes=\"(max-width: 300px) 100vw, 300px\" \/><\/a>Cabe acotar que, durante la rueda de prensa tambi\u00e9n se hizo entrega de varios kits de log\u00edstica, para el fortalecimiento de esta jornada de vacunaci\u00f3n dirigida a la poblaci\u00f3n escolar.<\/p>\n","protected":false},"excerpt":{"rendered":"<p>Un total de 26 mil 913 ni\u00f1os, ni\u00f1as y adolescentes han sido inmunizados en las escuelas de \u00a0Carabobo, desde el arranque de la segunda fase del Plan Nacional de Vacunaci\u00f3n, lo que significa que en tan s\u00f3lo tres d\u00edas la gesti\u00f3n del gobernador Rafael Lacava logr\u00f3 cumplir con la meta exigida por el Ministerio del &hellip;<\/p>\n","protected":false},"author":2,"featured_media":8160,"comment_status":"open","ping_status":"closed","sticky":false,"template":"","format":"standard","meta":[],"categories":[31],"tags":[],"_links":{"self":[{"href":"https:\/\/insalud.gob.ve\/index.php?rest_route=\/wp\/v2\/posts\/8159"}],"collection":[{"href":"https:\/\/insalud.gob.ve\/index.php?rest_route=\/wp\/v2\/posts"}],"about":[{"href":"https:\/\/insalud.gob.ve\/index.php?rest_route=\/wp\/v2\/types\/post"}],"author":[{"embeddable":true,"href":"https:\/\/insalud.gob.ve\/index.php?rest_route=\/wp\/v2\/users\/2"}],"replies":[{"embeddable":true,"href":"https:\/\/insalud.gob.ve\/index.php?rest_route=%2Fwp%2Fv2%2Fcomments&post=8159"}],"version-history":[{"count":0,"href":"https:\/\/insalud.gob.ve\/index.php?rest_route=\/wp\/v2\/posts\/8159\/revisions"}],"wp:featuredmedia":[{"embeddable":true,"href":"https:\/\/insalud.gob.ve\/index.php?rest_route=\/wp\/v2\/media\/8160"}],"wp:attachment":[{"href":"https:\/\/insalud.gob.ve\/index.php?rest_route=%2Fwp%2Fv2%2Fmedia&parent=8159"}],"wp:term":[{"taxonomy":"category","embeddable":true,"href":"https:\/\/insalud.gob.ve\/index.php?rest_route=%2Fwp%2Fv2%2Fcategories&post=8159"},{"taxonomy":"post_tag","embeddable":true,"href":"https:\/\/insalud.gob.ve\/index.php?rest_route=%2Fwp%2Fv2%2Ftags&post=8159"}],"curies":[{"name":"wp","href":"https:\/\/api.w.org\/{rel}","templated":true}]}}