{"id":8178,"date":"2017-11-16T13:53:29","date_gmt":"2017-11-16T13:53:29","guid":{"rendered":"https:\/\/insalud.gob.ve\/?p=8178"},"modified":"2017-12-01T20:34:01","modified_gmt":"2017-12-01T20:34:01","slug":"beneficiadas-4-mil-250-personas-con-jornada-integral-de-salud","status":"publish","type":"post","link":"https:\/\/insalud.gob.ve\/?p=8178","title":{"rendered":"Beneficiadas 4 mil 250 personas con Jornada Integral de Salud"},"content":{"rendered":"<p><a href=\"https:\/\/insalud.gob.ve\/?attachment_id=8179\" rel=\"attachment wp-att-8179\"><img loading=\"lazy\" class=\"alignleft size-medium wp-image-8179\" src=\"https:\/\/insalud.gob.ve\/wp-content\/uploads\/2017\/11\/IMG_7854-300x200.jpg\" alt=\"\" width=\"300\" height=\"200\" srcset=\"https:\/\/insalud.gob.ve\/wp-content\/uploads\/2017\/11\/IMG_7854-300x200.jpg 300w, https:\/\/insalud.gob.ve\/wp-content\/uploads\/2017\/11\/IMG_7854-768x512.jpg 768w, https:\/\/insalud.gob.ve\/wp-content\/uploads\/2017\/11\/IMG_7854-1024x683.jpg 1024w\" sizes=\"(max-width: 300px) 100vw, 300px\" \/><\/a>Cumpliendo con los lineamientos establecidos por el Gobierno nacional, a trav\u00e9s del Ministerio del Poder Popular para la Salud (Mpps), este mi\u00e9rcoles la Gobernaci\u00f3n Bolivariana de Carabobo, encabezada por Rafael Lacava, organiz\u00f3 una Jornada Integral de Salud en las inmediaciones\u00a0 del Ambulatorio Canaima, donde se logr\u00f3 atender a cuatro mil 250 habitantes de la zona, as\u00ed como de las \u00e1reas circunvecinas.<\/p>\n<p>Juan Carlos Y\u00e1nez, presidente de la Fundaci\u00f3n Instituto Carabobe\u00f1o para la Salud (Insalud), subray\u00f3 que, \u201cestos operativos m\u00e9dicos son ejemplo del permanente trabajo que se hace desde la revoluci\u00f3n bolivariana a favor de las comunidades, siempre ocup\u00e1ndonos en llevar asistencia integral gratuita al pueblo, en este caso quisimos hacerlo en el mencionado centro de salud, ya que es un punto de referencia para todos los vecinos del sector Canaima\u201d.<\/p>\n<p>Resalt\u00f3 que, en la jornada se entregaron 525 medicamentos, tales como acetaminof\u00e9n pedi\u00e1trico, cefalexina, caverdilol y multivitaminicos en jarabe, entre otros, beneficiando\u00a0 a 213 personas. Tambi\u00e9n se otorgaron alrededor de 680 preservativos masculinos y femeninos.<\/p>\n<p><a href=\"https:\/\/insalud.gob.ve\/?attachment_id=8180\" rel=\"attachment wp-att-8180\"><img loading=\"lazy\" class=\"alignright size-medium wp-image-8180\" src=\"https:\/\/insalud.gob.ve\/wp-content\/uploads\/2017\/11\/IMG_7833-300x200.jpg\" alt=\"\" width=\"300\" height=\"200\" srcset=\"https:\/\/insalud.gob.ve\/wp-content\/uploads\/2017\/11\/IMG_7833-300x200.jpg 300w, https:\/\/insalud.gob.ve\/wp-content\/uploads\/2017\/11\/IMG_7833-768x512.jpg 768w, https:\/\/insalud.gob.ve\/wp-content\/uploads\/2017\/11\/IMG_7833-1024x683.jpg 1024w\" sizes=\"(max-width: 300px) 100vw, 300px\" \/><\/a>Cabe destacar, que adem\u00e1s se ofreci\u00f3 servicio de inmunizaci\u00f3n, donde se aplicaron un total de 665 vacunas a ni\u00f1os y adultos, se realizaron 19 citolog\u00edas, 22 ecograf\u00edas p\u00e9lvicas y abdominales, asimismo se logr\u00f3 la captaci\u00f3n de 18 embarazadas de las cuales 17 son de bajo riesgo y una sola de gestaci\u00f3n peligrosa.<\/p>\n<p>Y\u00e1nez indic\u00f3 que, los asistentes a la jornada gozaron de otros servicios generales como consulta pedi\u00e1trica y de adultos, laboratorio, despistaje de diabetes e hipertensi\u00f3n arterial; consulta de odontolog\u00eda, evaluaci\u00f3n y calificaci\u00f3n de personas con discapacidad; planificaci\u00f3n familiar, labores de fumigaci\u00f3n y abatizaci\u00f3n.<\/p>\n<p>En este sentido, el funcionario gubernamental precis\u00f3 que, \u201cesta variedad de servicios nos permite alcanzar el bienestar de todos los carabobe\u00f1os, ya que mediante estas jornadas podemos hacer medicina preventiva que es muy importante para la comunidad\u201d.<\/p>\n<p><a href=\"https:\/\/insalud.gob.ve\/?attachment_id=8181\" rel=\"attachment wp-att-8181\"><img loading=\"lazy\" class=\"alignleft size-medium wp-image-8181\" src=\"https:\/\/insalud.gob.ve\/wp-content\/uploads\/2017\/11\/IMG_7919-300x200.jpg\" alt=\"\" width=\"300\" height=\"200\" srcset=\"https:\/\/insalud.gob.ve\/wp-content\/uploads\/2017\/11\/IMG_7919-300x200.jpg 300w, https:\/\/insalud.gob.ve\/wp-content\/uploads\/2017\/11\/IMG_7919-768x512.jpg 768w, https:\/\/insalud.gob.ve\/wp-content\/uploads\/2017\/11\/IMG_7919-1024x683.jpg 1024w\" sizes=\"(max-width: 300px) 100vw, 300px\" \/><\/a>El presidente de Insalud, afirm\u00f3 que estas jornadas se desplegar\u00e1n a lo largo del territorio regional, varias veces por semana. \u201cEstas acciones sociales son de gran importancia para nuestro gobernador Rafael Lacava, por eso desde que asumi\u00f3 esta gesti\u00f3n comenzamos a retomar y fortalecerlas, visitando las diferentes comunidades y sectores del estado para brindar atenci\u00f3n m\u00e9dica y soluciones en materia de salud a los carabobe\u00f1os\u201d, concluy\u00f3.<\/p>\n","protected":false},"excerpt":{"rendered":"<p>Cumpliendo con los lineamientos establecidos por el Gobierno nacional, a trav\u00e9s del Ministerio del Poder Popular para la Salud (Mpps), este mi\u00e9rcoles la Gobernaci\u00f3n Bolivariana de Carabobo, encabezada por Rafael Lacava, organiz\u00f3 una Jornada Integral de Salud en las inmediaciones\u00a0 del Ambulatorio Canaima, donde se logr\u00f3 atender a cuatro mil 250 habitantes de la zona, &hellip;<\/p>\n","protected":false},"author":2,"featured_media":8179,"comment_status":"open","ping_status":"closed","sticky":false,"template":"","format":"standard","meta":[],"categories":[31],"tags":[],"_links":{"self":[{"href":"https:\/\/insalud.gob.ve\/index.php?rest_route=\/wp\/v2\/posts\/8178"}],"collection":[{"href":"https:\/\/insalud.gob.ve\/index.php?rest_route=\/wp\/v2\/posts"}],"about":[{"href":"https:\/\/insalud.gob.ve\/index.php?rest_route=\/wp\/v2\/types\/post"}],"author":[{"embeddable":true,"href":"https:\/\/insalud.gob.ve\/index.php?rest_route=\/wp\/v2\/users\/2"}],"replies":[{"embeddable":true,"href":"https:\/\/insalud.gob.ve\/index.php?rest_route=%2Fwp%2Fv2%2Fcomments&post=8178"}],"version-history":[{"count":0,"href":"https:\/\/insalud.gob.ve\/index.php?rest_route=\/wp\/v2\/posts\/8178\/revisions"}],"wp:featuredmedia":[{"embeddable":true,"href":"https:\/\/insalud.gob.ve\/index.php?rest_route=\/wp\/v2\/media\/8179"}],"wp:attachment":[{"href":"https:\/\/insalud.gob.ve\/index.php?rest_route=%2Fwp%2Fv2%2Fmedia&parent=8178"}],"wp:term":[{"taxonomy":"category","embeddable":true,"href":"https:\/\/insalud.gob.ve\/index.php?rest_route=%2Fwp%2Fv2%2Fcategories&post=8178"},{"taxonomy":"post_tag","embeddable":true,"href":"https:\/\/insalud.gob.ve\/index.php?rest_route=%2Fwp%2Fv2%2Ftags&post=8178"}],"curies":[{"name":"wp","href":"https:\/\/api.w.org\/{rel}","templated":true}]}}