{"id":8184,"date":"2017-11-16T18:57:14","date_gmt":"2017-11-16T18:57:14","guid":{"rendered":"https:\/\/insalud.gob.ve\/?p=8184"},"modified":"2017-12-01T20:34:05","modified_gmt":"2017-12-01T20:34:05","slug":"este-sabado-inicia-plan-quirurgico-nacional-en-el-hospital-prince-lara","status":"publish","type":"post","link":"https:\/\/insalud.gob.ve\/?p=8184","title":{"rendered":"Este s\u00e1bado inicia Plan Quir\u00fargico Nacional en el hospital Prince Lara"},"content":{"rendered":"<p><a href=\"https:\/\/insalud.gob.ve\/?attachment_id=8185\" rel=\"attachment wp-att-8185\"><img loading=\"lazy\" class=\"alignleft size-medium wp-image-8185\" src=\"https:\/\/insalud.gob.ve\/wp-content\/uploads\/2017\/11\/DSC9697-300x211.jpg\" alt=\"\" width=\"300\" height=\"211\" srcset=\"https:\/\/insalud.gob.ve\/wp-content\/uploads\/2017\/11\/DSC9697-300x211.jpg 300w, https:\/\/insalud.gob.ve\/wp-content\/uploads\/2017\/11\/DSC9697-768x539.jpg 768w, https:\/\/insalud.gob.ve\/wp-content\/uploads\/2017\/11\/DSC9697-1024x719.jpg 1024w\" sizes=\"(max-width: 300px) 100vw, 300px\" \/><\/a>Unas 200 porte\u00f1as ser\u00e1n atendidas con el Plan Quir\u00fargico Nacional durante este fin de semana en el hospital \u201cDr. Adolfo Prince Lara\u201d de Puerto Cabello, el cual dar\u00e1 inicio con una jornada especial de esterilizaci\u00f3n gratuita, para dar respuesta oportuna a aquellas mujeres que ameriten este tipo de cirug\u00eda.<\/p>\n<p>Juan Carlos Y\u00e1nez, presidente de la Fundaci\u00f3n Instituto Carabobe\u00f1o para la Salud (Insalud), detall\u00f3 que este plan fue puesto en marcha por el Presidente Nicol\u00e1s Maduro y es promovido por el gobernador Rafael Lacava para seguir repotenciando la salud de los carabobe\u00f1os. \u201cDada la alta demanda de esta cirug\u00eda se decidi\u00f3 priorizar a las mujeres para as\u00ed trabajar en sinton\u00eda con las necesidades del pueblo, posteriormente iremos sumando otro tipo de intervenciones\u201d, dijo.<\/p>\n<p>En este sentido, resalt\u00f3 que a trav\u00e9s de este programa se beneficiar\u00e1n todas las personas que presentan la necesidad de ser operadas, lo que abarca a ni\u00f1os, adultos y personas de la tercera edad con cirug\u00edas de baja, mediana y alta complejidad como histerectom\u00eda, extirpaci\u00f3n de adenoides, reparaci\u00f3n de labio leporino y paladar hendido, hernias, entre otras.<\/p>\n<p><strong>Ex\u00e1menes preoperatorios<\/strong><\/p>\n<p>El presidente de Insalud asegur\u00f3 que tras la captaci\u00f3n de las personas que se llev\u00f3 a cabo en d\u00edas anteriores, este mi\u00e9rcoles se comenz\u00f3 a efectuar el proceso de ex\u00e1menes preoperatorio en el recinto hospitalario. \u201cSiguiendo lineamientos emanados desde el Ministerio del Poder Popular para la Salud (MPPS), se est\u00e1n atendiendo las f\u00e9minas que ser\u00e1n intervenidas, a quienes se le realizaron placas, pruebas de laboratorios, electros, historias m\u00e9dicas y la evaluaci\u00f3n quir\u00fargica\u201d, indic\u00f3.<\/p>\n<p><a href=\"https:\/\/insalud.gob.ve\/?attachment_id=8186\" rel=\"attachment wp-att-8186\"><img loading=\"lazy\" class=\"alignright size-medium wp-image-8186\" src=\"https:\/\/insalud.gob.ve\/wp-content\/uploads\/2017\/11\/DSC9666-300x199.jpg\" alt=\"\" width=\"300\" height=\"199\" srcset=\"https:\/\/insalud.gob.ve\/wp-content\/uploads\/2017\/11\/DSC9666-300x199.jpg 300w, https:\/\/insalud.gob.ve\/wp-content\/uploads\/2017\/11\/DSC9666-768x510.jpg 768w, https:\/\/insalud.gob.ve\/wp-content\/uploads\/2017\/11\/DSC9666-1024x680.jpg 1024w, https:\/\/insalud.gob.ve\/wp-content\/uploads\/2017\/11\/DSC9666-310x205.jpg 310w\" sizes=\"(max-width: 300px) 100vw, 300px\" \/><\/a>De igual modo, destac\u00f3 que, \u201clos pacientes s\u00f3lo deben asistir con la disposici\u00f3n de operarse, ya que contamos con los mejores especialistas, quienes estar\u00e1n prestos a brindar un buen servicio con calidad humana. Adem\u00e1s garantizaremos los insumos y tratamiento postoperatorio para que todos culminen satisfactoriamente su proceso de \u00a0recuperaci\u00f3n\u201d.<\/p>\n<p>Y\u00e1nez concluy\u00f3 manifestando que, desde la Gobernaci\u00f3n Bolivariana de Carabobo se viene realizando un arduo trabajo en los hospitales para asegurar la buena atenci\u00f3n al pueblo, por lo que poco a poco se estar\u00e1n rehabilitando las \u00e1reas y servicios fundamentales para ofrecer las cirug\u00edas a las personas que ser\u00e1n beneficiadas \u00a0a trav\u00e9s del Plan Quir\u00fargico Nacional.<\/p>\n","protected":false},"excerpt":{"rendered":"<p>Unas 200 porte\u00f1as ser\u00e1n atendidas con el Plan Quir\u00fargico Nacional durante este fin de semana en el hospital \u201cDr. Adolfo Prince Lara\u201d de Puerto Cabello, el cual dar\u00e1 inicio con una jornada especial de esterilizaci\u00f3n gratuita, para dar respuesta oportuna a aquellas mujeres que ameriten este tipo de cirug\u00eda. Juan Carlos Y\u00e1nez, presidente de la &hellip;<\/p>\n","protected":false},"author":2,"featured_media":8185,"comment_status":"open","ping_status":"closed","sticky":false,"template":"","format":"standard","meta":[],"categories":[31],"tags":[],"_links":{"self":[{"href":"https:\/\/insalud.gob.ve\/index.php?rest_route=\/wp\/v2\/posts\/8184"}],"collection":[{"href":"https:\/\/insalud.gob.ve\/index.php?rest_route=\/wp\/v2\/posts"}],"about":[{"href":"https:\/\/insalud.gob.ve\/index.php?rest_route=\/wp\/v2\/types\/post"}],"author":[{"embeddable":true,"href":"https:\/\/insalud.gob.ve\/index.php?rest_route=\/wp\/v2\/users\/2"}],"replies":[{"embeddable":true,"href":"https:\/\/insalud.gob.ve\/index.php?rest_route=%2Fwp%2Fv2%2Fcomments&post=8184"}],"version-history":[{"count":0,"href":"https:\/\/insalud.gob.ve\/index.php?rest_route=\/wp\/v2\/posts\/8184\/revisions"}],"wp:featuredmedia":[{"embeddable":true,"href":"https:\/\/insalud.gob.ve\/index.php?rest_route=\/wp\/v2\/media\/8185"}],"wp:attachment":[{"href":"https:\/\/insalud.gob.ve\/index.php?rest_route=%2Fwp%2Fv2%2Fmedia&parent=8184"}],"wp:term":[{"taxonomy":"category","embeddable":true,"href":"https:\/\/insalud.gob.ve\/index.php?rest_route=%2Fwp%2Fv2%2Fcategories&post=8184"},{"taxonomy":"post_tag","embeddable":true,"href":"https:\/\/insalud.gob.ve\/index.php?rest_route=%2Fwp%2Fv2%2Ftags&post=8184"}],"curies":[{"name":"wp","href":"https:\/\/api.w.org\/{rel}","templated":true}]}}