{"id":9179,"date":"2018-03-09T15:47:33","date_gmt":"2018-03-09T15:47:33","guid":{"rendered":"https:\/\/insalud.gob.ve\/?p=9179"},"modified":"2018-03-09T15:47:33","modified_gmt":"2018-03-09T15:47:33","slug":"beneficiadas-300-mujeres-carabobenas-con-jornada-integral-de-salud","status":"publish","type":"post","link":"https:\/\/insalud.gob.ve\/?p=9179","title":{"rendered":"Beneficiadas 300 mujeres carabobe\u00f1as con Jornada Integral de Salud"},"content":{"rendered":"<p><a href=\"https:\/\/insalud.gob.ve\/?attachment_id=9180\" rel=\"attachment wp-att-9180\"><img loading=\"lazy\" class=\"alignleft size-medium wp-image-9180\" src=\"https:\/\/insalud.gob.ve\/wp-content\/uploads\/2018\/03\/1-3-300x214.jpg\" alt=\"\" width=\"300\" height=\"214\" srcset=\"https:\/\/insalud.gob.ve\/wp-content\/uploads\/2018\/03\/1-3-300x214.jpg 300w, https:\/\/insalud.gob.ve\/wp-content\/uploads\/2018\/03\/1-3-768x548.jpg 768w, https:\/\/insalud.gob.ve\/wp-content\/uploads\/2018\/03\/1-3-1024x731.jpg 1024w, https:\/\/insalud.gob.ve\/wp-content\/uploads\/2018\/03\/1-3.jpg 1654w\" sizes=\"(max-width: 300px) 100vw, 300px\" \/><\/a>Este jueves 8 de marzo, a prop\u00f3sito de la conmemoraci\u00f3n del D\u00eda Internacional de la Mujer, la secretar\u00eda de Cultura en alianza con la Fundaci\u00f3n Instituto Carabobe\u00f1o para la Salud (Insalud),\u00a0 realiz\u00f3 la Jornada Integral de Salud a la Mujer, siguiendo los lineamientos del gobernador Rafael Lacava y de la primera combatiente Nancy de Lacava.<\/p>\n<p>En la actividad realizada en el Museo de la Cultura, el personal de Insalud,\u00a0 brind\u00f3 consultas \u00a0de atenci\u00f3n a unas 300 mujeres, a las que les fue tomada pruebas de glicemia, laboratorio de VDRL, odontolog\u00eda, entrega de condones femeninos y\u00a0 pesquisa de tensi\u00f3n arterial, entre otras.<\/p>\n<p>Cabe destacar, que la jornada cont\u00f3 adem\u00e1s con una programaci\u00f3n cultural y social, en donde las mujeres disfrutaron de canciones venezolanas y boleros, interpretados por el Ensamble de M\u00fasica Criolla de la Banda Sinf\u00f3nica 24 de Junio (BS24J), que incluy\u00f3 temas como \u201cPotra Zaina\u201d de Juan Vicente Torrealba, \u201cDile por m\u00ed No Temas\u201d de Tony Smith, \u201cLinda Barinas\u201d de Eladio Tarife, \u201cViajera del Rio\u201d de Manuel Y\u00e1nez, \u201cPiel Canela\u201d de Bobi Cap\u00f3, \u201cToy Contento\u201d del Maestro Billos y \u201cMotivos\u201d de \u00cdtalo Pizzolante.<\/p>\n<p>En este sentido, el director de Relaciones interinstitucionales de la secretar\u00eda de Cultura de la Gobernaci\u00f3n de Carabobo German Otero, manifest\u00f3 que al menos 300 f\u00e9minas fueron atendidas en esta Jornada Integral de Salud a la Mujer.<\/p>\n<p><a href=\"https:\/\/insalud.gob.ve\/?attachment_id=9181\" rel=\"attachment wp-att-9181\"><img loading=\"lazy\" class=\"alignright size-medium wp-image-9181\" src=\"https:\/\/insalud.gob.ve\/wp-content\/uploads\/2018\/03\/2-5-300x214.jpg\" alt=\"\" width=\"300\" height=\"214\" srcset=\"https:\/\/insalud.gob.ve\/wp-content\/uploads\/2018\/03\/2-5-300x214.jpg 300w, https:\/\/insalud.gob.ve\/wp-content\/uploads\/2018\/03\/2-5-768x548.jpg 768w, https:\/\/insalud.gob.ve\/wp-content\/uploads\/2018\/03\/2-5-1024x731.jpg 1024w, https:\/\/insalud.gob.ve\/wp-content\/uploads\/2018\/03\/2-5.jpg 1654w\" sizes=\"(max-width: 300px) 100vw, 300px\" \/><\/a>Indic\u00f3 que las damas beneficiadas, en su mayor\u00eda laboran en la secretar\u00eda de Cultura, Fundaci\u00f3n Festivales Carabobo Te Quiero, FundaNi\u00f1o, Casas de la Cultura del estado Carabobo y la Red de Bibliotecas.<\/p>\n<p>\u201cEstamos festejando el D\u00eda Internacional de la Mujer\u00a0 gracias a la convocatoria realizada por la primera combatiente la Dra Nancy de Lacava , en conjunto con nuestro gobernador Rafael lacava, agradecemos a la secretaria de Cultura Nathaly Bustamante y todo el personal de Insalud\u00a0 que vinieron a prestar apoyo este d\u00eda, muchas gracias, fueron beneficiadas alrededor de 300 mujeres, en diferentes aspectos\u201d, se\u00f1al\u00f3 Otero.<\/p>\n<p><strong>Atenci\u00f3n a la mujer es vital<\/strong><\/p>\n<p>Por otra parte, Juan Carlos Y\u00e1nez, presidente de la Fundaci\u00f3n Instituto Carabobe\u00f1o para la Salud (Insalud), destac\u00f3 que esta actividad forma parte de los trabajos que adelanta el gobierno regional en beneficio de la mujer carabobe\u00f1a.<\/p>\n<p>\u201cGracias al compromiso del gobernador Rafael Lacava, en esta gesti\u00f3n la atenci\u00f3n integral de las f\u00e9minas es vital, por eso en este d\u00eda adem\u00e1s de ofrecer servicios m\u00e9dicos, quisimos abordar diferentes temas m\u00faltiples sobre la salud de las mujeres y prevenci\u00f3n de enfermedades, as\u00ed como sus derechos sexuales y reproductivos\u201d, afirm\u00f3.<\/p>\n<p>Y\u00e1nez enfatiz\u00f3 que, sumado a esta jornada de salud se organizaron otras acciones en los diferentes centros asistenciales del estado, con la finalidad de formar una conciencia de prevenci\u00f3n en las carabobe\u00f1as, lo que contribuir\u00e1 en la optimizaci\u00f3n de la calidad de vida de las f\u00e9minas.<\/p>\n<p><strong>Agradecidas con Rafael Lacava y Nancy de Lacava<\/strong><\/p>\n<p><a href=\"https:\/\/insalud.gob.ve\/?attachment_id=9182\" rel=\"attachment wp-att-9182\"><img loading=\"lazy\" class=\"alignleft size-medium wp-image-9182\" src=\"https:\/\/insalud.gob.ve\/wp-content\/uploads\/2018\/03\/BERENICE-ESLAVA-3-300x214.jpg\" alt=\"\" width=\"300\" height=\"214\" srcset=\"https:\/\/insalud.gob.ve\/wp-content\/uploads\/2018\/03\/BERENICE-ESLAVA-3-300x214.jpg 300w, https:\/\/insalud.gob.ve\/wp-content\/uploads\/2018\/03\/BERENICE-ESLAVA-3-768x548.jpg 768w, https:\/\/insalud.gob.ve\/wp-content\/uploads\/2018\/03\/BERENICE-ESLAVA-3-1024x731.jpg 1024w, https:\/\/insalud.gob.ve\/wp-content\/uploads\/2018\/03\/BERENICE-ESLAVA-3.jpg 1654w\" sizes=\"(max-width: 300px) 100vw, 300px\" \/><\/a>A prop\u00f3sito de esta Jornada Integral de Salud a la Mujer, Berenice Eslava agradeci\u00f3 al gobernador Rafael Lacava y a la primera combatiente Nancy de Lacava por esta posibilidad de recibir atenci\u00f3n m\u00e9dica de manera gratuita.<\/p>\n<p>\u201cYo llegu\u00e9 aqu\u00ed con una hipertensi\u00f3n muy alta 209 me atendieron muy bien me colocaron una capsula bajo la lengua para bajarme la tensi\u00f3n y me he sentido mejor\u201d, se\u00f1alo la entrevistada.<\/p>\n<p>Por su parte Morela Saavedra, directora ejecutiva de FundaNi\u00f1o, indic\u00f3 que fue positiva esta jornada por toda la atenci\u00f3n brindada a las mujeres que estuvieron presentes.<\/p>\n<p>\u201cMuy agradecida con nuestro gobernador Rafael Lacava a la primera combatiente Nancy de Lacava a todos los que organizaron esta actividad, muchas felicitaciones\u201d.<\/p>\n","protected":false},"excerpt":{"rendered":"<p>Este jueves 8 de marzo, a prop\u00f3sito de la conmemoraci\u00f3n del D\u00eda Internacional de la Mujer, la secretar\u00eda de Cultura en alianza con la Fundaci\u00f3n Instituto Carabobe\u00f1o para la Salud (Insalud),\u00a0 realiz\u00f3 la Jornada Integral de Salud a la Mujer, siguiendo los lineamientos del gobernador Rafael Lacava y de la primera combatiente Nancy de Lacava. &hellip;<\/p>\n","protected":false},"author":2,"featured_media":9180,"comment_status":"open","ping_status":"closed","sticky":false,"template":"","format":"standard","meta":[],"categories":[31],"tags":[],"_links":{"self":[{"href":"https:\/\/insalud.gob.ve\/index.php?rest_route=\/wp\/v2\/posts\/9179"}],"collection":[{"href":"https:\/\/insalud.gob.ve\/index.php?rest_route=\/wp\/v2\/posts"}],"about":[{"href":"https:\/\/insalud.gob.ve\/index.php?rest_route=\/wp\/v2\/types\/post"}],"author":[{"embeddable":true,"href":"https:\/\/insalud.gob.ve\/index.php?rest_route=\/wp\/v2\/users\/2"}],"replies":[{"embeddable":true,"href":"https:\/\/insalud.gob.ve\/index.php?rest_route=%2Fwp%2Fv2%2Fcomments&post=9179"}],"version-history":[{"count":0,"href":"https:\/\/insalud.gob.ve\/index.php?rest_route=\/wp\/v2\/posts\/9179\/revisions"}],"wp:featuredmedia":[{"embeddable":true,"href":"https:\/\/insalud.gob.ve\/index.php?rest_route=\/wp\/v2\/media\/9180"}],"wp:attachment":[{"href":"https:\/\/insalud.gob.ve\/index.php?rest_route=%2Fwp%2Fv2%2Fmedia&parent=9179"}],"wp:term":[{"taxonomy":"category","embeddable":true,"href":"https:\/\/insalud.gob.ve\/index.php?rest_route=%2Fwp%2Fv2%2Fcategories&post=9179"},{"taxonomy":"post_tag","embeddable":true,"href":"https:\/\/insalud.gob.ve\/index.php?rest_route=%2Fwp%2Fv2%2Ftags&post=9179"}],"curies":[{"name":"wp","href":"https:\/\/api.w.org\/{rel}","templated":true}]}}