{"id":9184,"date":"2018-03-09T18:52:18","date_gmt":"2018-03-09T18:52:18","guid":{"rendered":"https:\/\/insalud.gob.ve\/?p=9184"},"modified":"2018-03-09T18:52:18","modified_gmt":"2018-03-09T18:52:18","slug":"gobernacion-activo-jornada-de-esterilizacion-en-guacara","status":"publish","type":"post","link":"https:\/\/insalud.gob.ve\/?p=9184","title":{"rendered":"Gobernaci\u00f3n activ\u00f3 jornada de esterilizaci\u00f3n en Guacara"},"content":{"rendered":"<p><a href=\"https:\/\/insalud.gob.ve\/?attachment_id=9185\" rel=\"attachment wp-att-9185\"><img loading=\"lazy\" class=\"alignleft size-medium wp-image-9185\" src=\"https:\/\/insalud.gob.ve\/wp-content\/uploads\/2018\/03\/IMG_1531-300x200.jpg\" alt=\"\" width=\"300\" height=\"200\" srcset=\"https:\/\/insalud.gob.ve\/wp-content\/uploads\/2018\/03\/IMG_1531-300x200.jpg 300w, https:\/\/insalud.gob.ve\/wp-content\/uploads\/2018\/03\/IMG_1531-768x512.jpg 768w, https:\/\/insalud.gob.ve\/wp-content\/uploads\/2018\/03\/IMG_1531-1024x683.jpg 1024w\" sizes=\"(max-width: 300px) 100vw, 300px\" \/><\/a>Este viernes la Gobernaci\u00f3n de Carabobo, liderada por Rafael Lacava activ\u00f3 una jornada gratuita de esterilizaci\u00f3n femenina, en el hospital Miguel Malpica de Guacara, donde se estima atender a unas 50 mujeres durante el fin de semana.<\/p>\n<p>Juan Carlos Y\u00e1nez, presidente de la Fundaci\u00f3n Instituto Carabobe\u00f1o para la Salud (Insalud), inform\u00f3 que esta jornada m\u00e9dica forma parte de las acciones que adelanta el Gobierno Bolivariano a trav\u00e9s del Plan Quir\u00fargico Nacional, programa implementado por el presidente Nicol\u00e1s maduro, para dar respuesta efectiva\u00a0 a las personas que necesiten de alguna cirug\u00eda.<\/p>\n<p>\u201cLa meta es operar entre el viernes y domingo a unas 50 carabobe\u00f1as, quienes en su mayor\u00eda ya tienen m\u00faltiples partos y por esta u otras razones ameritaban ser intervenidas, incluyendo las pocas probabilidades que tienen de cubrir este tipo de procedimiento en un centro privado\u201d, agreg\u00f3.<\/p>\n<p><a href=\"https:\/\/insalud.gob.ve\/?attachment_id=9186\" rel=\"attachment wp-att-9186\"><img loading=\"lazy\" class=\"alignright size-medium wp-image-9186\" src=\"https:\/\/insalud.gob.ve\/wp-content\/uploads\/2018\/03\/IMG_1487-300x200.jpg\" alt=\"\" width=\"300\" height=\"200\" srcset=\"https:\/\/insalud.gob.ve\/wp-content\/uploads\/2018\/03\/IMG_1487-300x200.jpg 300w, https:\/\/insalud.gob.ve\/wp-content\/uploads\/2018\/03\/IMG_1487-768x512.jpg 768w, https:\/\/insalud.gob.ve\/wp-content\/uploads\/2018\/03\/IMG_1487-1024x683.jpg 1024w\" sizes=\"(max-width: 300px) 100vw, 300px\" \/><\/a>\u00a0El titular de Insalud, resalt\u00f3 que estas pacientes fueron captadas gracias al trabajo articulado entre la comunidad y el personal adscrito a la consulta de planificaci\u00f3n familiar, ubicada en el recinto hospitalario, adem\u00e1s el censo se efectu\u00f3 mediante el departamento de Gesti\u00f3n Social.<\/p>\n<p>\u201cNuestro objetivo es fortalecer y ampliar estas jornadas en beneficio de la mujer carabobe\u00f1a, ayudando de este modo en la planificaci\u00f3n familiar y dar prioridad a las m\u00e1s vulnerables\u201d, apunt\u00f3.<\/p>\n<p><strong>Cirug\u00edas pedi\u00e1tricas en Puerto Cabello <\/strong><\/p>\n<p><a href=\"https:\/\/insalud.gob.ve\/?attachment_id=9187\" rel=\"attachment wp-att-9187\"><img loading=\"lazy\" class=\"alignleft size-medium wp-image-9187\" src=\"https:\/\/insalud.gob.ve\/wp-content\/uploads\/2018\/03\/CIRUG\u00cdAS-EN-PUERTO-CABELLO-169x300.jpg\" alt=\"\" width=\"169\" height=\"300\" srcset=\"https:\/\/insalud.gob.ve\/wp-content\/uploads\/2018\/03\/CIRUG\u00cdAS-EN-PUERTO-CABELLO-169x300.jpg 169w, https:\/\/insalud.gob.ve\/wp-content\/uploads\/2018\/03\/CIRUG\u00cdAS-EN-PUERTO-CABELLO-576x1024.jpg 576w, https:\/\/insalud.gob.ve\/wp-content\/uploads\/2018\/03\/CIRUG\u00cdAS-EN-PUERTO-CABELLO.jpg 607w\" sizes=\"(max-width: 169px) 100vw, 169px\" \/><\/a>Asimismo, Y\u00e1nez precis\u00f3 que durante el jueves y viernes se desarrollaron 15 intervenciones pedi\u00e1tricas de mediana complejidad, en el hospital \u201cDr. Adolfo Prince Lara\u201d de Puerto Cabello. \u201cDe esta forma estamos garantizando atenci\u00f3n digna y salud para los carabobe\u00f1os. Los ni\u00f1os y ni\u00f1as tambi\u00e9n son importante para esta gesti\u00f3n que sigue pensando en el bienestar de su pueblo\u201d, finaliz\u00f3.<\/p>\n<p>&nbsp;<\/p>\n","protected":false},"excerpt":{"rendered":"<p>Este viernes la Gobernaci\u00f3n de Carabobo, liderada por Rafael Lacava activ\u00f3 una jornada gratuita de esterilizaci\u00f3n femenina, en el hospital Miguel Malpica de Guacara, donde se estima atender a unas 50 mujeres durante el fin de semana. Juan Carlos Y\u00e1nez, presidente de la Fundaci\u00f3n Instituto Carabobe\u00f1o para la Salud (Insalud), inform\u00f3 que esta jornada m\u00e9dica &hellip;<\/p>\n","protected":false},"author":2,"featured_media":9185,"comment_status":"open","ping_status":"closed","sticky":false,"template":"","format":"standard","meta":[],"categories":[31],"tags":[],"_links":{"self":[{"href":"https:\/\/insalud.gob.ve\/index.php?rest_route=\/wp\/v2\/posts\/9184"}],"collection":[{"href":"https:\/\/insalud.gob.ve\/index.php?rest_route=\/wp\/v2\/posts"}],"about":[{"href":"https:\/\/insalud.gob.ve\/index.php?rest_route=\/wp\/v2\/types\/post"}],"author":[{"embeddable":true,"href":"https:\/\/insalud.gob.ve\/index.php?rest_route=\/wp\/v2\/users\/2"}],"replies":[{"embeddable":true,"href":"https:\/\/insalud.gob.ve\/index.php?rest_route=%2Fwp%2Fv2%2Fcomments&post=9184"}],"version-history":[{"count":0,"href":"https:\/\/insalud.gob.ve\/index.php?rest_route=\/wp\/v2\/posts\/9184\/revisions"}],"wp:featuredmedia":[{"embeddable":true,"href":"https:\/\/insalud.gob.ve\/index.php?rest_route=\/wp\/v2\/media\/9185"}],"wp:attachment":[{"href":"https:\/\/insalud.gob.ve\/index.php?rest_route=%2Fwp%2Fv2%2Fmedia&parent=9184"}],"wp:term":[{"taxonomy":"category","embeddable":true,"href":"https:\/\/insalud.gob.ve\/index.php?rest_route=%2Fwp%2Fv2%2Fcategories&post=9184"},{"taxonomy":"post_tag","embeddable":true,"href":"https:\/\/insalud.gob.ve\/index.php?rest_route=%2Fwp%2Fv2%2Ftags&post=9184"}],"curies":[{"name":"wp","href":"https:\/\/api.w.org\/{rel}","templated":true}]}}