{"id":9215,"date":"2018-04-02T17:56:00","date_gmt":"2018-04-02T17:56:00","guid":{"rendered":"https:\/\/insalud.gob.ve\/?p=9215"},"modified":"2018-04-02T17:56:00","modified_gmt":"2018-04-02T17:56:00","slug":"insalud-reforzo-conocimientos-en-el-area-de-vigilancia-epidemiologica","status":"publish","type":"post","link":"https:\/\/insalud.gob.ve\/?p=9215","title":{"rendered":"Insalud reforz\u00f3 conocimientos en el \u00e1rea de Vigilancia Epidemiol\u00f3gica"},"content":{"rendered":"<p><a href=\"https:\/\/insalud.gob.ve\/?attachment_id=9216\" rel=\"attachment wp-att-9216\"><img loading=\"lazy\" class=\"alignleft size-medium wp-image-9216\" src=\"https:\/\/insalud.gob.ve\/wp-content\/uploads\/2018\/04\/IMG_1636-300x200.jpg\" alt=\"\" width=\"300\" height=\"200\" srcset=\"https:\/\/insalud.gob.ve\/wp-content\/uploads\/2018\/04\/IMG_1636-300x200.jpg 300w, https:\/\/insalud.gob.ve\/wp-content\/uploads\/2018\/04\/IMG_1636-768x512.jpg 768w, https:\/\/insalud.gob.ve\/wp-content\/uploads\/2018\/04\/IMG_1636-1024x683.jpg 1024w\" sizes=\"(max-width: 300px) 100vw, 300px\" \/><\/a>Con el objetivo de seguir reforzando las capacidades t\u00e9cnicas del personal de salud del estado, el Gobierno de Carabobo, a trav\u00e9s de Insalud realiza talleres enfocados en la vigilancia epidemiol\u00f3gica y el manejo de las actividades propias del seguimiento ante una emergencia provocada por una enfermedades inmunoprevenibles.<\/p>\n<p>Juan Carlos Y\u00e1nez, presidente de la Fundaci\u00f3n Instituto Carabobe\u00f1o para la Salud inform\u00f3 que se convoc\u00f3 a todo el personal de Barrio Adentro, coordinadores m\u00e9dicos de enfermer\u00eda y jefes de la red ambulatoria para esta capacitaci\u00f3n que se llev\u00f3 a cabo en el auditorio de la Villa Ol\u00edmpica ubicada en Naguanagua.<\/p>\n<p>\u201cEstamos consolidando el sistema p\u00fablico nacional de salud por lo que las respuestas ante cualquier situaci\u00f3n deben realizarse desde un equipo multidisciplinario; es por eso que contamos con la presencia de unas 60 personas donde cada uno de los 14 municipios recibimos la enfermera jefe, el m\u00e9dico coordinador, el coordinador de la Asic y la gerencia de epidemiolog\u00eda\u201d, indic\u00f3.<\/p>\n<p>El titular de Insalud especific\u00f3 que durante el taller se repasaron los protocolos, pautas, normas y procedimientos para las enfermedades Difteria, Sarampi\u00f3n y Malaria. \u201cSe enfatiz\u00f3 la situaci\u00f3n actual de Carabobo as\u00ed como las actuaciones que cada equipo de salud para atender cuando se sospeche de alguna de estas enfermedades\u201d, dijo.<\/p>\n<p><strong>Respuesta R\u00e1pida<\/strong><\/p>\n<p>Por su parte, Mar\u00eda Auxiliadora Rangel, epidemi\u00f3logo del estado Carabobo detall\u00f3 que en estas capacitaciones se refuerza tambi\u00e9n la actuaci\u00f3n del equipo de \u201cRespuesta R\u00e1pida\u201d para las enfermedades de notificaci\u00f3n obligatoria y los pasos en cada caso.<\/p>\n<p>Resalt\u00f3 la importancia de mantener la vigilancia epidemiol\u00f3gica activa y poder accionar antes de las 24 horas una vez que se haya diagnosticado un caso sospechoso para las enfermedades como Malaria, Difteria y Sarampi\u00f3n. \u201cPor eso como equipo unificado y en v\u00eda a la conformaci\u00f3n del sistema p\u00fablico nacional de salud debemos conocer muy bien la actuaci\u00f3n ante enfermedades inmunoprevenibles\u201d, asegur\u00f3.<\/p>\n<p>&nbsp;<\/p>\n<p>&nbsp;<\/p>\n","protected":false},"excerpt":{"rendered":"<p>Con el objetivo de seguir reforzando las capacidades t\u00e9cnicas del personal de salud del estado, el Gobierno de Carabobo, a trav\u00e9s de Insalud realiza talleres enfocados en la vigilancia epidemiol\u00f3gica y el manejo de las actividades propias del seguimiento ante una emergencia provocada por una enfermedades inmunoprevenibles. Juan Carlos Y\u00e1nez, presidente de la Fundaci\u00f3n Instituto &hellip;<\/p>\n","protected":false},"author":2,"featured_media":9216,"comment_status":"open","ping_status":"closed","sticky":false,"template":"","format":"standard","meta":[],"categories":[31],"tags":[],"_links":{"self":[{"href":"https:\/\/insalud.gob.ve\/index.php?rest_route=\/wp\/v2\/posts\/9215"}],"collection":[{"href":"https:\/\/insalud.gob.ve\/index.php?rest_route=\/wp\/v2\/posts"}],"about":[{"href":"https:\/\/insalud.gob.ve\/index.php?rest_route=\/wp\/v2\/types\/post"}],"author":[{"embeddable":true,"href":"https:\/\/insalud.gob.ve\/index.php?rest_route=\/wp\/v2\/users\/2"}],"replies":[{"embeddable":true,"href":"https:\/\/insalud.gob.ve\/index.php?rest_route=%2Fwp%2Fv2%2Fcomments&post=9215"}],"version-history":[{"count":0,"href":"https:\/\/insalud.gob.ve\/index.php?rest_route=\/wp\/v2\/posts\/9215\/revisions"}],"wp:featuredmedia":[{"embeddable":true,"href":"https:\/\/insalud.gob.ve\/index.php?rest_route=\/wp\/v2\/media\/9216"}],"wp:attachment":[{"href":"https:\/\/insalud.gob.ve\/index.php?rest_route=%2Fwp%2Fv2%2Fmedia&parent=9215"}],"wp:term":[{"taxonomy":"category","embeddable":true,"href":"https:\/\/insalud.gob.ve\/index.php?rest_route=%2Fwp%2Fv2%2Fcategories&post=9215"},{"taxonomy":"post_tag","embeddable":true,"href":"https:\/\/insalud.gob.ve\/index.php?rest_route=%2Fwp%2Fv2%2Ftags&post=9215"}],"curies":[{"name":"wp","href":"https:\/\/api.w.org\/{rel}","templated":true}]}}