{"id":9887,"date":"2019-02-12T19:23:59","date_gmt":"2019-02-12T19:23:59","guid":{"rendered":"https:\/\/insalud.gob.ve\/?p=9887"},"modified":"2019-02-12T19:23:59","modified_gmt":"2019-02-12T19:23:59","slug":"gran-jornada-social-carabobo-te-quiero-atendio-mas-de-3-mil-personas-en-valencia","status":"publish","type":"post","link":"https:\/\/insalud.gob.ve\/?p=9887","title":{"rendered":"Gran Jornada Social \u201cCarabobo Te Quiero\u201d atendi\u00f3 m\u00e1s de 3 mil personas en Valencia"},"content":{"rendered":"<p><a href=\"https:\/\/insalud.gob.ve\/?attachment_id=9888\" rel=\"attachment wp-att-9888\"><img loading=\"lazy\" class=\"alignleft size-medium wp-image-9888\" src=\"https:\/\/insalud.gob.ve\/wp-content\/uploads\/2019\/02\/H1-47-300x199.jpg\" alt=\"\" width=\"300\" height=\"199\" srcset=\"https:\/\/insalud.gob.ve\/wp-content\/uploads\/2019\/02\/H1-47-300x199.jpg 300w, https:\/\/insalud.gob.ve\/wp-content\/uploads\/2019\/02\/H1-47-768x509.jpg 768w, https:\/\/insalud.gob.ve\/wp-content\/uploads\/2019\/02\/H1-47-1024x679.jpg 1024w, https:\/\/insalud.gob.ve\/wp-content\/uploads\/2019\/02\/H1-47-310x205.jpg 310w, https:\/\/insalud.gob.ve\/wp-content\/uploads\/2019\/02\/H1-47.jpg 1289w\" sizes=\"(max-width: 300px) 100vw, 300px\" \/><\/a>M\u00e1s de tres mil personas fueron atendidas este viernes durante la Gran Jornada Social \u201cCarabobo Te Quiero\u201d, realizada por la Gobernaci\u00f3n de Carabobo en una acci\u00f3n articulada con la Alcald\u00eda de Valencia, en las instalaciones de la Base de Misiones de Flor Amarillo, parroquia Rafael Urdaneta, considerada como la segunda m\u00e1s grande de esta jurisdicci\u00f3n.<\/p>\n<p>Alejandro Marvez, alcalde del municipio Valencia junto al secretario de Desarrollo Social y Participaci\u00f3n Popular, Elyezer \u00c1lvarez y el presidente de la Fundaci\u00f3n Instituto Carabobe\u00f1o para la Salud (Insalud), Juan Carlos Y\u00e1nez, encabez\u00f3 la entrega de 110 ayudas sociales para el beneficio de los habitantes de Bucaral Sur, Agua Dulce, Tacarigua, Valle de Oro, as\u00ed como Petro Casa, Brisas del Aeropuerto, Los Bucares I, Recta de Majagual, entre otros sectores.<\/p>\n<p>\u201cMuy contento por esta jornada, la tercera que desplegamos este a\u00f1o gracias al apoyo del presidente Nicol\u00e1s Maduro y el gobernador Rafael Lacava con el prop\u00f3sito de brindar soluciones al pueblo. Hoy estamos trabajando como un solo Gobierno para dar atenci\u00f3n a m\u00e1s de tres mil personas desde el Gimnasio Vertical Por la Paz y la Vida de Flor Amarillo, obra construida en Revoluci\u00f3n\u201d, dijo el mandatario local.<a href=\"https:\/\/insalud.gob.ve\/?attachment_id=9889\" rel=\"attachment wp-att-9889\"><img loading=\"lazy\" class=\"aligncenter size-large wp-image-9889\" src=\"https:\/\/insalud.gob.ve\/wp-content\/uploads\/2019\/02\/H5-4-1024x679.jpg\" alt=\"\" width=\"618\" height=\"410\" srcset=\"https:\/\/insalud.gob.ve\/wp-content\/uploads\/2019\/02\/H5-4-1024x679.jpg 1024w, https:\/\/insalud.gob.ve\/wp-content\/uploads\/2019\/02\/H5-4-300x199.jpg 300w, https:\/\/insalud.gob.ve\/wp-content\/uploads\/2019\/02\/H5-4-768x509.jpg 768w, https:\/\/insalud.gob.ve\/wp-content\/uploads\/2019\/02\/H5-4-310x205.jpg 310w, https:\/\/insalud.gob.ve\/wp-content\/uploads\/2019\/02\/H5-4.jpg 1289w\" sizes=\"(max-width: 618px) 100vw, 618px\" \/><\/a><\/p>\n<p><strong>Entregadas m\u00e1s de 5 mil medicinas<\/strong><\/p>\n<p>Asimismo, inform\u00f3 que en la actividad se entregaron sillas de ruedas, colchones, bastones, andaderas, pa\u00f1ales, muletas, adem\u00e1s se ofrecieron diversos servicios m\u00e9dicos y se entregaron unos cinco mil medicamentos como analg\u00e9sicos, antibi\u00f3ticos, antiflamatorios y antihipertensivos de forma gratuita.<\/p>\n<p>\u201cA pesar del bloqueo econ\u00f3mico y las dificultades vamos a seguir en la calle dando respuesta a todos los carabobe\u00f1os y valencianos que creyeron y conf\u00edan en nosotros; sepan que cuentan con un Gobernador y Alcalde que no descansar\u00e1n hasta resolver los problemas de cada ciudadano\u201d, asegur\u00f3 Marvez.<\/p>\n<p>El burgomaestre anunci\u00f3 que el pr\u00f3ximo viernes 15 de febrero abordar\u00e1n la parroquia Miguel Pe\u00f1a con esta Gran Jornada Social \u201cCarabobo Te Quiero\u201d, continuando con las pol\u00edticas de asistencia integral a las comunidades m\u00e1s vulnerables del municipio Valencia.<\/p>\n<p>Por su parte, Elyezer \u00c1lvarez, indic\u00f3 que esta agenda social ser\u00e1 extendida a lo largo y ancho de los 14 municipios y 38 parroquias a fin de beneficiar al mayor n\u00famero posible de habitantes.<a href=\"https:\/\/insalud.gob.ve\/?attachment_id=9890\" rel=\"attachment wp-att-9890\"><img loading=\"lazy\" class=\"aligncenter size-large wp-image-9890\" src=\"https:\/\/insalud.gob.ve\/wp-content\/uploads\/2019\/02\/H6-7-1024x679.jpg\" alt=\"\" width=\"618\" height=\"410\" srcset=\"https:\/\/insalud.gob.ve\/wp-content\/uploads\/2019\/02\/H6-7-1024x679.jpg 1024w, https:\/\/insalud.gob.ve\/wp-content\/uploads\/2019\/02\/H6-7-300x199.jpg 300w, https:\/\/insalud.gob.ve\/wp-content\/uploads\/2019\/02\/H6-7-768x509.jpg 768w, https:\/\/insalud.gob.ve\/wp-content\/uploads\/2019\/02\/H6-7-310x205.jpg 310w, https:\/\/insalud.gob.ve\/wp-content\/uploads\/2019\/02\/H6-7.jpg 1289w\" sizes=\"(max-width: 618px) 100vw, 618px\" \/><\/a><\/p>\n<p>\u201cSiguiendo instrucciones del presidente Nicol\u00e1s Maduro, el gobernador Rafael Lacava sigue cumpli\u00e9ndole a la calle, al barrio adentro, entregando donativos y brindando atenci\u00f3n en salud a las familias. Este pueblo est\u00e1 llamado al hacer una Patria de paz, de esperanza y optimismo, somos un pueblo heroico, defendiendo la Patria de Bol\u00edvar para los m\u00e1s necesitados\u201d.<\/p>\n<p><strong>Servicios de salud<\/strong><\/p>\n<p>Juan Calos Y\u00e1nez, titular de Insalud, detall\u00f3 que en el operativo se ofrecieron una gran variedad de servicios b\u00e1sicos de salud como vacunaci\u00f3n, odontolog\u00eda, medicina general, toma de tensi\u00f3n arterial, despistaje de glicemia, laboratorio, oftalmolog\u00eda. Tambi\u00e9n se realizaron actividades educativas para la prevenci\u00f3n de enfermedades, labores de abatizaci\u00f3n y fumigaci\u00f3n, captaci\u00f3n de embarazadas, entre otros.<\/p>\n<p>\u201cLa gran familia de Insalud siempre presente en estas jornadas para garantizar la atenci\u00f3n oportuna y de calidad a los ni\u00f1os y adultos de nuestro estado Carabobo, como lo orient\u00f3 el \u00a0gobernador Lacava\u201d, coment\u00f3.<\/p>\n<p><strong>\u00a0Pueblo agradecido<\/strong><\/p>\n<p><strong>\u00a0<\/strong>R\u00f3mulo Conde, favorecido con nuevas muletas que le permitir\u00e1n movilizarse con mayor facilidad, manifest\u00f3 su agradecimiento al Ejecutivo regional y alcalde de Valencia.<\/p>\n<p>\u201cMuchas gracias gobernador Lacava y alcalde Marvez por traer a las comunidades estas jornadas que son gran beneficio para los m\u00e1s necesitados; cuenten siempre con este pueblo\u201d, opin\u00f3.<\/p>\n<p>De igual modo, Alba Quiroz, se sinti\u00f3 muy contenta por haber recibido las medicinas para su peque\u00f1o.\u00a0 \u201cAgradecida con Dios y con todos los responsables de esta jornada porque me entregaron los medicamentos para mi hijo y fue examinado por un pediatra\u201d, se\u00f1al\u00f3.<a href=\"https:\/\/insalud.gob.ve\/?attachment_id=9891\" rel=\"attachment wp-att-9891\"><img loading=\"lazy\" class=\"aligncenter size-large wp-image-9891\" src=\"https:\/\/insalud.gob.ve\/wp-content\/uploads\/2019\/02\/C5Alba-Quiroz-1024x679.jpg\" alt=\"\" width=\"618\" height=\"410\" srcset=\"https:\/\/insalud.gob.ve\/wp-content\/uploads\/2019\/02\/C5Alba-Quiroz-1024x679.jpg 1024w, https:\/\/insalud.gob.ve\/wp-content\/uploads\/2019\/02\/C5Alba-Quiroz-300x199.jpg 300w, https:\/\/insalud.gob.ve\/wp-content\/uploads\/2019\/02\/C5Alba-Quiroz-768x509.jpg 768w, https:\/\/insalud.gob.ve\/wp-content\/uploads\/2019\/02\/C5Alba-Quiroz-310x205.jpg 310w, https:\/\/insalud.gob.ve\/wp-content\/uploads\/2019\/02\/C5Alba-Quiroz.jpg 1289w\" sizes=\"(max-width: 618px) 100vw, 618px\" \/><\/a><\/p>\n<p>Cabe mencionar que durante la actividad participaron diferentes entes, entre los que destacan Fundani\u00f1o, Insalud, Secretar\u00eda de desarrollo Social, Misi\u00f3n\u00a0 Barrio Adentro, Somos Venezuela, Fundasocial, Fundatur, indeval, Protecci\u00f3n Civil y Sanidad Militar. Asimismo\u00a0 \u00a0los m\u00e1s peque\u00f1os de la casa disfrutaron\u00a0 de actividades recreativas y culturales.<\/p>\n","protected":false},"excerpt":{"rendered":"<p>M\u00e1s de tres mil personas fueron atendidas este viernes durante la Gran Jornada Social \u201cCarabobo Te Quiero\u201d, realizada por la Gobernaci\u00f3n de Carabobo en una acci\u00f3n articulada con la Alcald\u00eda de Valencia, en las instalaciones de la Base de Misiones de Flor Amarillo, parroquia Rafael Urdaneta, considerada como la segunda m\u00e1s grande de esta jurisdicci\u00f3n. &hellip;<\/p>\n","protected":false},"author":2,"featured_media":9888,"comment_status":"open","ping_status":"closed","sticky":false,"template":"","format":"standard","meta":[],"categories":[31],"tags":[],"_links":{"self":[{"href":"https:\/\/insalud.gob.ve\/index.php?rest_route=\/wp\/v2\/posts\/9887"}],"collection":[{"href":"https:\/\/insalud.gob.ve\/index.php?rest_route=\/wp\/v2\/posts"}],"about":[{"href":"https:\/\/insalud.gob.ve\/index.php?rest_route=\/wp\/v2\/types\/post"}],"author":[{"embeddable":true,"href":"https:\/\/insalud.gob.ve\/index.php?rest_route=\/wp\/v2\/users\/2"}],"replies":[{"embeddable":true,"href":"https:\/\/insalud.gob.ve\/index.php?rest_route=%2Fwp%2Fv2%2Fcomments&post=9887"}],"version-history":[{"count":0,"href":"https:\/\/insalud.gob.ve\/index.php?rest_route=\/wp\/v2\/posts\/9887\/revisions"}],"wp:featuredmedia":[{"embeddable":true,"href":"https:\/\/insalud.gob.ve\/index.php?rest_route=\/wp\/v2\/media\/9888"}],"wp:attachment":[{"href":"https:\/\/insalud.gob.ve\/index.php?rest_route=%2Fwp%2Fv2%2Fmedia&parent=9887"}],"wp:term":[{"taxonomy":"category","embeddable":true,"href":"https:\/\/insalud.gob.ve\/index.php?rest_route=%2Fwp%2Fv2%2Fcategories&post=9887"},{"taxonomy":"post_tag","embeddable":true,"href":"https:\/\/insalud.gob.ve\/index.php?rest_route=%2Fwp%2Fv2%2Ftags&post=9887"}],"curies":[{"name":"wp","href":"https:\/\/api.w.org\/{rel}","templated":true}]}}