{"id":9898,"date":"2019-02-12T19:47:01","date_gmt":"2019-02-12T19:47:01","guid":{"rendered":"https:\/\/insalud.gob.ve\/?p=9898"},"modified":"2019-02-12T19:47:01","modified_gmt":"2019-02-12T19:47:01","slug":"lacava-inauguro-uci-de-adultos-en-hospital-prince-lara-de-puerto-cabello","status":"publish","type":"post","link":"https:\/\/insalud.gob.ve\/?p=9898","title":{"rendered":"Lacava inaugur\u00f3 UCI de adultos en Hospital Prince Lara de Puerto Cabello"},"content":{"rendered":"<p><a href=\"https:\/\/insalud.gob.ve\/?attachment_id=9899\" rel=\"attachment wp-att-9899\"><img loading=\"lazy\" class=\"alignleft size-medium wp-image-9899\" src=\"https:\/\/insalud.gob.ve\/wp-content\/uploads\/2019\/02\/H1-48-300x200.jpg\" alt=\"\" width=\"300\" height=\"200\" srcset=\"https:\/\/insalud.gob.ve\/wp-content\/uploads\/2019\/02\/H1-48-300x200.jpg 300w, https:\/\/insalud.gob.ve\/wp-content\/uploads\/2019\/02\/H1-48-768x512.jpg 768w, https:\/\/insalud.gob.ve\/wp-content\/uploads\/2019\/02\/H1-48.jpg 960w\" sizes=\"(max-width: 300px) 100vw, 300px\" \/><\/a>El<strong>\u00a0<\/strong>gobernador de Carabobo, Rafael Lacava, inaugur\u00f3 la nueva Unidad de Cuidados Intensivos (UCI) para adultos en el Hospital \u201cDr. Adolfo Prince Lara\u201d del municipio Puerto Cabello, siendo la \u00fanica en todo el eje de la costa que brinde este servicio.<\/p>\n<p>Gracias a una importante inversi\u00f3n social en cuanto a infraestructura, equipos e insumos para el adecuado funcionamiento del \u00e1rea, la UCI est\u00e1 en capacidad de ofrecer atenci\u00f3n especializada a los pacientes en estado cr\u00edtico durante las 24 horas del d\u00eda.<\/p>\n<p>\u201cContent\u00edsimo con esta maravillosa Unidad de Cuidados Intensivos, algo que est\u00e1bamos esperando hace muchos a\u00f1os. Ahora la gente puede tener gratuitamente la atenci\u00f3n que merece con \u00faltima tecnolog\u00eda. A pesar de las dificultades no hemos parado y es muy grande lo que se est\u00e1 logrando en la salud, vienen tambi\u00e9n muchas noticias para el hospital central de Valencia, \u00a1que viva Carabobo!\u201d, dijo Lacava.<\/p>\n<p>El mandatario regional indic\u00f3 que el \u00e1rea cuenta con camas inteligentes, bombas de infusi\u00f3n, aspiradores, carros de paro, electrocardiogramas, as\u00ed como respiradores artificiales, monitores multipar\u00e1metros en los que se concentran todos los datos relevantes de los pacientes. Adem\u00e1s se instalaron m\u00e1s de 25 toneladas de aires acondicionados para una \u00f3ptima climatizaci\u00f3n de los espacios.<a href=\"https:\/\/insalud.gob.ve\/?attachment_id=9900\" rel=\"attachment wp-att-9900\"><img loading=\"lazy\" class=\"aligncenter wp-image-9900\" src=\"https:\/\/insalud.gob.ve\/wp-content\/uploads\/2019\/02\/H2-29-300x200.jpg\" alt=\"\" width=\"607\" height=\"405\" srcset=\"https:\/\/insalud.gob.ve\/wp-content\/uploads\/2019\/02\/H2-29-300x200.jpg 300w, https:\/\/insalud.gob.ve\/wp-content\/uploads\/2019\/02\/H2-29-768x512.jpg 768w, https:\/\/insalud.gob.ve\/wp-content\/uploads\/2019\/02\/H2-29.jpg 960w\" sizes=\"(max-width: 607px) 100vw, 607px\" \/><\/a><\/p>\n<p>Cabe mencionar que esta obra forma parte de un gran proyecto de mejoramiento de todo el centro asistencial, impulsado por el Gobierno nacional y regional para brindar servicios de salud dignos al pueblo carabobe\u00f1o.<\/p>\n<p><strong>Dotada Unidad de Perinatolog\u00eda<\/strong><\/p>\n<p>El gobernador Lacava aprovech\u00f3 esta visita al Hospital \u201cDr. Adolfo Prince Lara\u201d, para hacer entrega de un moderno y avanzado equipo a la Unidad de Perinatolog\u00eda, el cual estar\u00e1 al servicio de las gestantes.<\/p>\n<p>\u201cEsto nos va a permitir incidir correctamente cuando se est\u00e1n haciendo de manera preventiva los estudios a las mujeres embarazadas, verificar si los fetos que est\u00e1n en formaci\u00f3n tienen necesidad de alg\u00fan tipo de atenci\u00f3n o malformaci\u00f3n que debe ser tratada, esto va generar una gran eficiencia en la atenci\u00f3n\u201d, asegur\u00f3. \u00a0<a href=\"https:\/\/insalud.gob.ve\/?attachment_id=9901\" rel=\"attachment wp-att-9901\"><img loading=\"lazy\" class=\"aligncenter wp-image-9901\" src=\"https:\/\/insalud.gob.ve\/wp-content\/uploads\/2019\/02\/H7-7-300x200.jpg\" alt=\"\" width=\"607\" height=\"405\" srcset=\"https:\/\/insalud.gob.ve\/wp-content\/uploads\/2019\/02\/H7-7-300x200.jpg 300w, https:\/\/insalud.gob.ve\/wp-content\/uploads\/2019\/02\/H7-7-768x512.jpg 768w, https:\/\/insalud.gob.ve\/wp-content\/uploads\/2019\/02\/H7-7.jpg 960w\" sizes=\"(max-width: 607px) 100vw, 607px\" \/><\/a><\/p>\n<p>&nbsp;<\/p>\n","protected":false},"excerpt":{"rendered":"<p>El\u00a0gobernador de Carabobo, Rafael Lacava, inaugur\u00f3 la nueva Unidad de Cuidados Intensivos (UCI) para adultos en el Hospital \u201cDr. Adolfo Prince Lara\u201d del municipio Puerto Cabello, siendo la \u00fanica en todo el eje de la costa que brinde este servicio. Gracias a una importante inversi\u00f3n social en cuanto a infraestructura, equipos e insumos para el &hellip;<\/p>\n","protected":false},"author":2,"featured_media":9899,"comment_status":"open","ping_status":"closed","sticky":false,"template":"","format":"standard","meta":[],"categories":[31],"tags":[],"_links":{"self":[{"href":"https:\/\/insalud.gob.ve\/index.php?rest_route=\/wp\/v2\/posts\/9898"}],"collection":[{"href":"https:\/\/insalud.gob.ve\/index.php?rest_route=\/wp\/v2\/posts"}],"about":[{"href":"https:\/\/insalud.gob.ve\/index.php?rest_route=\/wp\/v2\/types\/post"}],"author":[{"embeddable":true,"href":"https:\/\/insalud.gob.ve\/index.php?rest_route=\/wp\/v2\/users\/2"}],"replies":[{"embeddable":true,"href":"https:\/\/insalud.gob.ve\/index.php?rest_route=%2Fwp%2Fv2%2Fcomments&post=9898"}],"version-history":[{"count":0,"href":"https:\/\/insalud.gob.ve\/index.php?rest_route=\/wp\/v2\/posts\/9898\/revisions"}],"wp:featuredmedia":[{"embeddable":true,"href":"https:\/\/insalud.gob.ve\/index.php?rest_route=\/wp\/v2\/media\/9899"}],"wp:attachment":[{"href":"https:\/\/insalud.gob.ve\/index.php?rest_route=%2Fwp%2Fv2%2Fmedia&parent=9898"}],"wp:term":[{"taxonomy":"category","embeddable":true,"href":"https:\/\/insalud.gob.ve\/index.php?rest_route=%2Fwp%2Fv2%2Fcategories&post=9898"},{"taxonomy":"post_tag","embeddable":true,"href":"https:\/\/insalud.gob.ve\/index.php?rest_route=%2Fwp%2Fv2%2Ftags&post=9898"}],"curies":[{"name":"wp","href":"https:\/\/api.w.org\/{rel}","templated":true}]}}