{"id":9907,"date":"2019-02-18T19:48:09","date_gmt":"2019-02-18T19:48:09","guid":{"rendered":"https:\/\/insalud.gob.ve\/?p=9907"},"modified":"2019-02-18T19:48:09","modified_gmt":"2019-02-18T19:48:09","slug":"lacava-inauguro-nueva-unidad-de-cuidados-intensivos-pediatricos-en-la-chet","status":"publish","type":"post","link":"https:\/\/insalud.gob.ve\/?p=9907","title":{"rendered":"Lacava inaugur\u00f3 nueva Unidad de Cuidados Intensivos Pedi\u00e1tricos en la CHET"},"content":{"rendered":"<p><a href=\"https:\/\/insalud.gob.ve\/?attachment_id=9908\" rel=\"attachment wp-att-9908\"><img loading=\"lazy\" class=\"alignleft size-medium wp-image-9908\" src=\"https:\/\/insalud.gob.ve\/wp-content\/uploads\/2019\/02\/H1-1-300x200.jpg\" alt=\"\" width=\"300\" height=\"200\" srcset=\"https:\/\/insalud.gob.ve\/wp-content\/uploads\/2019\/02\/H1-1-300x200.jpg 300w, https:\/\/insalud.gob.ve\/wp-content\/uploads\/2019\/02\/H1-1-768x512.jpg 768w, https:\/\/insalud.gob.ve\/wp-content\/uploads\/2019\/02\/H1-1.jpg 960w\" sizes=\"(max-width: 300px) 100vw, 300px\" \/><\/a>El gobernador Rafael Lacava contin\u00faa dignificando la salud en Carabobo, luego de la inauguraci\u00f3n de la nueva Unidad de Cuidados Intensivos Pedi\u00e1tricos en la Ciudad Hospitalaria \u201cDr. Enrique Tejera\u201d (CHET), la cual tiene una capacidad de 11 cupos de atenci\u00f3n para ni\u00f1os entre un mes y 15 a\u00f1os de edad.<\/p>\n<p>Para materializar este importante proyecto, fue necesario rehabilitar, modernizar y equipar todas las \u00e1reas a fin de ofrecer un cuidado oportuno y especializado a los peque\u00f1os, procedentes de la entidad carabobe\u00f1a y estados aleda\u00f1os como Aragua, Cojedes, Yaracuy y Falc\u00f3n.<\/p>\n<p>\u201cHoy (mi\u00e9rcoles) me encuentro junto a la doctora Alba Jim\u00e9nez, directora del pedi\u00e1trico del hospital central de Valencia, para inaugurar esta maravillosa Unidad de Cuidados Intensivos con 11 cupos de atenci\u00f3n y tecnolog\u00eda de punta, donde trataremos a ni\u00f1os con enfermedades infecciosas, postquir\u00fargicos, inclusive pacientes oncol\u00f3gicos\u201d, indic\u00f3 Lacava.<\/p>\n<p>El mandatario regional, detall\u00f3 que el servicio cuenta con tres salas de hospitalizaci\u00f3n, de las cuales dos son de aislamiento, una de ellas con dos camas y la otra con una, exclusiva para atender pacientes con enfermedades infectocontagiosas. Adem\u00e1s la unidad posee bombas de infusi\u00f3n, monitores multipar\u00e1metro, aspiradores, entre otros aparatos.<a href=\"https:\/\/insalud.gob.ve\/?attachment_id=9909\" rel=\"attachment wp-att-9909\"><img loading=\"lazy\" class=\"aligncenter  wp-image-9909\" src=\"https:\/\/insalud.gob.ve\/wp-content\/uploads\/2019\/02\/H2.jpg\" alt=\"\" width=\"645\" height=\"430\" srcset=\"https:\/\/insalud.gob.ve\/wp-content\/uploads\/2019\/02\/H2.jpg 960w, https:\/\/insalud.gob.ve\/wp-content\/uploads\/2019\/02\/H2-300x200.jpg 300w, https:\/\/insalud.gob.ve\/wp-content\/uploads\/2019\/02\/H2-768x512.jpg 768w\" sizes=\"(max-width: 645px) 100vw, 645px\" \/><\/a><\/p>\n<p>\u201cEstas salas de aislamientos son para aquellos pacientes que requieran estar solos por cualquier patolog\u00eda que presenten. Aqu\u00ed podemos tenerlos con ventilaci\u00f3n mec\u00e1nica para su recuperaci\u00f3n\u201d, dijo.<\/p>\n<p>Del mismo modo, se pudo conocer que se optimiz\u00f3 la climatizaci\u00f3n de todos los espacios con la instalaci\u00f3n de 40 toneladas de aires acondicionados y se colocaron los gases medicinales.<\/p>\n<p><strong>Entregado equipo al servicio de Cirug\u00eda<\/strong><\/p>\n<p>Durante su visita al centro hospitalario, el gobernador Lacava entreg\u00f3 un equipo m\u00e9dico de avanzada tecnolog\u00eda al servicio de Cirug\u00eda.\u00a0 \u201cEntregamos tambi\u00e9n un laparoscopio para realizar cirug\u00edas m\u00ednimamente invasivas para corregir patolog\u00edas que se presenten, sin necesidad de abrir al paciente\u201d, agreg\u00f3.<a href=\"https:\/\/insalud.gob.ve\/?attachment_id=9910\" rel=\"attachment wp-att-9910\"><img loading=\"lazy\" class=\"aligncenter  wp-image-9910\" src=\"https:\/\/insalud.gob.ve\/wp-content\/uploads\/2019\/02\/H6.jpg\" alt=\"\" width=\"691\" height=\"525\" srcset=\"https:\/\/insalud.gob.ve\/wp-content\/uploads\/2019\/02\/H6.jpg 1080w, https:\/\/insalud.gob.ve\/wp-content\/uploads\/2019\/02\/H6-300x228.jpg 300w, https:\/\/insalud.gob.ve\/wp-content\/uploads\/2019\/02\/H6-768x583.jpg 768w, https:\/\/insalud.gob.ve\/wp-content\/uploads\/2019\/02\/H6-1024x777.jpg 1024w\" sizes=\"(max-width: 691px) 100vw, 691px\" \/><\/a><\/p>\n<p>&nbsp;<\/p>\n<p>&nbsp;<\/p>\n","protected":false},"excerpt":{"rendered":"<p>El gobernador Rafael Lacava contin\u00faa dignificando la salud en Carabobo, luego de la inauguraci\u00f3n de la nueva Unidad de Cuidados Intensivos Pedi\u00e1tricos en la Ciudad Hospitalaria \u201cDr. Enrique Tejera\u201d (CHET), la cual tiene una capacidad de 11 cupos de atenci\u00f3n para ni\u00f1os entre un mes y 15 a\u00f1os de edad. Para materializar este importante proyecto, &hellip;<\/p>\n","protected":false},"author":2,"featured_media":9908,"comment_status":"open","ping_status":"closed","sticky":false,"template":"","format":"standard","meta":[],"categories":[31],"tags":[],"_links":{"self":[{"href":"https:\/\/insalud.gob.ve\/index.php?rest_route=\/wp\/v2\/posts\/9907"}],"collection":[{"href":"https:\/\/insalud.gob.ve\/index.php?rest_route=\/wp\/v2\/posts"}],"about":[{"href":"https:\/\/insalud.gob.ve\/index.php?rest_route=\/wp\/v2\/types\/post"}],"author":[{"embeddable":true,"href":"https:\/\/insalud.gob.ve\/index.php?rest_route=\/wp\/v2\/users\/2"}],"replies":[{"embeddable":true,"href":"https:\/\/insalud.gob.ve\/index.php?rest_route=%2Fwp%2Fv2%2Fcomments&post=9907"}],"version-history":[{"count":0,"href":"https:\/\/insalud.gob.ve\/index.php?rest_route=\/wp\/v2\/posts\/9907\/revisions"}],"wp:featuredmedia":[{"embeddable":true,"href":"https:\/\/insalud.gob.ve\/index.php?rest_route=\/wp\/v2\/media\/9908"}],"wp:attachment":[{"href":"https:\/\/insalud.gob.ve\/index.php?rest_route=%2Fwp%2Fv2%2Fmedia&parent=9907"}],"wp:term":[{"taxonomy":"category","embeddable":true,"href":"https:\/\/insalud.gob.ve\/index.php?rest_route=%2Fwp%2Fv2%2Fcategories&post=9907"},{"taxonomy":"post_tag","embeddable":true,"href":"https:\/\/insalud.gob.ve\/index.php?rest_route=%2Fwp%2Fv2%2Ftags&post=9907"}],"curies":[{"name":"wp","href":"https:\/\/api.w.org\/{rel}","templated":true}]}}