{"id":9912,"date":"2019-02-18T19:57:19","date_gmt":"2019-02-18T19:57:19","guid":{"rendered":"https:\/\/insalud.gob.ve\/?p=9912"},"modified":"2019-02-18T19:57:19","modified_gmt":"2019-02-18T19:57:19","slug":"incorporado-nuevo-grupo-de-especialistas-a-la-red-hospitalaria-de-carabobo","status":"publish","type":"post","link":"https:\/\/insalud.gob.ve\/?p=9912","title":{"rendered":"Incorporado nuevo grupo de especialistas a la red hospitalaria de Carabobo"},"content":{"rendered":"<p><a href=\"https:\/\/insalud.gob.ve\/?attachment_id=9913\" rel=\"attachment wp-att-9913\"><img loading=\"lazy\" class=\"alignleft size-medium wp-image-9913\" src=\"https:\/\/insalud.gob.ve\/wp-content\/uploads\/2019\/02\/H1-3-300x207.jpg\" alt=\"\" width=\"300\" height=\"207\" srcset=\"https:\/\/insalud.gob.ve\/wp-content\/uploads\/2019\/02\/H1-3-300x207.jpg 300w, https:\/\/insalud.gob.ve\/wp-content\/uploads\/2019\/02\/H1-3-768x530.jpg 768w, https:\/\/insalud.gob.ve\/wp-content\/uploads\/2019\/02\/H1-3-1024x707.jpg 1024w, https:\/\/insalud.gob.ve\/wp-content\/uploads\/2019\/02\/H1-3-110x75.jpg 110w, https:\/\/insalud.gob.ve\/wp-content\/uploads\/2019\/02\/H1-3.jpg 2000w\" sizes=\"(max-width: 300px) 100vw, 300px\" \/><\/a>Tras culminar el proceso acad\u00e9mico que los acredita como especialistas, un importante grupo de m\u00e9dicos del estado Carabobo se incorporaron a la red hospitalaria, con el fin de fortalecer el sistema p\u00fablico de salud en la entidad y contribuir en mejorar la atenci\u00f3n a la poblaci\u00f3n.<\/p>\n<p>Juan Carlos Y\u00e1nez, presidente de la Fundaci\u00f3n Instituto Carabobe\u00f1o para la Salud (Insalud), asegur\u00f3 que la formaci\u00f3n de estos galenos se llev\u00f3 a cabo en la ciudad de La Habana, gracias al convenio de cooperaci\u00f3n que mantienen Cuba y Venezuela para el desarrollo social de ambas naciones.<\/p>\n<p>\u00abEl presidente Nicol\u00e1s Maduro y el gobernador Rafael Lacava siguen alcanzando grandes avances en materia de salud para el estado Carabobo. Hoy (jueves) estamos recibiendo a este grupo de j\u00f3venes que realizaron sus estudios de especializaci\u00f3n en la hermana Rep\u00fablica de Cuba y ahora formar\u00e1n parte de nuestro equipo, para brindar con \u00e9tica y compromiso un servicio gratuito y de calidad a todo el pueblo carabobe\u00f1o\u00bb, dijo.<\/p>\n<p>Y\u00e1nez explic\u00f3 que los especialistas cumplieron con una extensa preparaci\u00f3n, en un lapso de tres a cuatro a\u00f1os para obtener sus t\u00edtulos en diferentes \u00e1reas como Cardiolog\u00eda, Endocrinolog\u00eda, Dermatolog\u00eda, as\u00ed como Neumotisiolog\u00eda y Medicina F\u00edsica y Rehabilitaci\u00f3n.<a href=\"https:\/\/insalud.gob.ve\/?attachment_id=9914\" rel=\"attachment wp-att-9914\"><img loading=\"lazy\" class=\"aligncenter size-large wp-image-9914\" src=\"https:\/\/insalud.gob.ve\/wp-content\/uploads\/2019\/02\/H3-1024x697.jpg\" alt=\"\" width=\"618\" height=\"421\" srcset=\"https:\/\/insalud.gob.ve\/wp-content\/uploads\/2019\/02\/H3-1024x697.jpg 1024w, https:\/\/insalud.gob.ve\/wp-content\/uploads\/2019\/02\/H3-300x204.jpg 300w, https:\/\/insalud.gob.ve\/wp-content\/uploads\/2019\/02\/H3-768x523.jpg 768w, https:\/\/insalud.gob.ve\/wp-content\/uploads\/2019\/02\/H3-110x75.jpg 110w, https:\/\/insalud.gob.ve\/wp-content\/uploads\/2019\/02\/H3.jpg 2000w\" sizes=\"(max-width: 618px) 100vw, 618px\" \/><\/a><\/p>\n<p>Agreg\u00f3 adem\u00e1s que los m\u00e9dicos estar\u00e1n atendiendo a los carabobe\u00f1os en los principales centros hospitalarios de la regi\u00f3n, entre los que se encuentran la Ciudad Hospitalaria \u00abDr. Enrique Tejera\u00bb (CHET) y el Hospital Dr. Adolfo Prince Lara del municipio Puerto Cabello.<\/p>\n<p>\u00abEn Carabobo apostamos a la capacitaci\u00f3n de nuestro personal para contar con los mejores profesionales. Desde la presidencia de Insalud y gracias al Gobierno nacional y regional estamos dando el m\u00e1ximo apoyo en materia de salud para el bienestar de la colectividad\u00bb, finaliz\u00f3 el funcionario.<\/p>\n","protected":false},"excerpt":{"rendered":"<p>Tras culminar el proceso acad\u00e9mico que los acredita como especialistas, un importante grupo de m\u00e9dicos del estado Carabobo se incorporaron a la red hospitalaria, con el fin de fortalecer el sistema p\u00fablico de salud en la entidad y contribuir en mejorar la atenci\u00f3n a la poblaci\u00f3n. Juan Carlos Y\u00e1nez, presidente de la Fundaci\u00f3n Instituto Carabobe\u00f1o &hellip;<\/p>\n","protected":false},"author":2,"featured_media":9913,"comment_status":"open","ping_status":"closed","sticky":false,"template":"","format":"standard","meta":[],"categories":[31],"tags":[],"_links":{"self":[{"href":"https:\/\/insalud.gob.ve\/index.php?rest_route=\/wp\/v2\/posts\/9912"}],"collection":[{"href":"https:\/\/insalud.gob.ve\/index.php?rest_route=\/wp\/v2\/posts"}],"about":[{"href":"https:\/\/insalud.gob.ve\/index.php?rest_route=\/wp\/v2\/types\/post"}],"author":[{"embeddable":true,"href":"https:\/\/insalud.gob.ve\/index.php?rest_route=\/wp\/v2\/users\/2"}],"replies":[{"embeddable":true,"href":"https:\/\/insalud.gob.ve\/index.php?rest_route=%2Fwp%2Fv2%2Fcomments&post=9912"}],"version-history":[{"count":0,"href":"https:\/\/insalud.gob.ve\/index.php?rest_route=\/wp\/v2\/posts\/9912\/revisions"}],"wp:featuredmedia":[{"embeddable":true,"href":"https:\/\/insalud.gob.ve\/index.php?rest_route=\/wp\/v2\/media\/9913"}],"wp:attachment":[{"href":"https:\/\/insalud.gob.ve\/index.php?rest_route=%2Fwp%2Fv2%2Fmedia&parent=9912"}],"wp:term":[{"taxonomy":"category","embeddable":true,"href":"https:\/\/insalud.gob.ve\/index.php?rest_route=%2Fwp%2Fv2%2Fcategories&post=9912"},{"taxonomy":"post_tag","embeddable":true,"href":"https:\/\/insalud.gob.ve\/index.php?rest_route=%2Fwp%2Fv2%2Ftags&post=9912"}],"curies":[{"name":"wp","href":"https:\/\/api.w.org\/{rel}","templated":true}]}}