{"id":9918,"date":"2019-02-22T13:51:41","date_gmt":"2019-02-22T13:51:41","guid":{"rendered":"https:\/\/insalud.gob.ve\/?p=9918"},"modified":"2019-02-22T13:51:41","modified_gmt":"2019-02-22T13:51:41","slug":"insalud-mantiene-jornadas-de-vacunacion-en-escuelas-de-carabobo","status":"publish","type":"post","link":"https:\/\/insalud.gob.ve\/?p=9918","title":{"rendered":"Insalud mantiene jornadas de vacunaci\u00f3n en escuelas de Carabobo"},"content":{"rendered":"<p><a href=\"https:\/\/insalud.gob.ve\/?attachment_id=9919\" rel=\"attachment wp-att-9919\"><img loading=\"lazy\" class=\"alignleft size-medium wp-image-9919\" src=\"https:\/\/insalud.gob.ve\/wp-content\/uploads\/2019\/02\/H1-4-300x201.jpg\" alt=\"\" width=\"300\" height=\"201\" srcset=\"https:\/\/insalud.gob.ve\/wp-content\/uploads\/2019\/02\/H1-4-300x201.jpg 300w, https:\/\/insalud.gob.ve\/wp-content\/uploads\/2019\/02\/H1-4-768x516.jpg 768w, https:\/\/insalud.gob.ve\/wp-content\/uploads\/2019\/02\/H1-4-1024x688.jpg 1024w, https:\/\/insalud.gob.ve\/wp-content\/uploads\/2019\/02\/H1-4-110x75.jpg 110w, https:\/\/insalud.gob.ve\/wp-content\/uploads\/2019\/02\/H1-4.jpg 2000w\" sizes=\"(max-width: 300px) 100vw, 300px\" \/><\/a>El Gobierno de Carabobo a trav\u00e9s de la Fundaci\u00f3n Instituto Carabobe\u00f1o para la Salud (Insalud), mantiene de manera permanente las jornadas de inmunizaci\u00f3n en los centros educativos de la regi\u00f3n, a fin de intensificar la protecci\u00f3n de ni\u00f1os y adolescentes contra enfermedades prevenibles por vacunas.<\/p>\n<p>Juan Carlos Y\u00e1nez, presidente de Insalud, indic\u00f3 que el abordaje escolar se centra principalmente en la aplicaci\u00f3n de las dosis adicionales de SR (sarampi\u00f3n y rub\u00e9ola) y toxoide tet\u00e1nico dift\u00e9rico, ambas contempladas en campa\u00f1a, adem\u00e1s de la captaci\u00f3n de menores con el esquema incompleto.<\/p>\n<p>\u201cCon el apoyo del Gobierno nacional y regional continuamos promoviendo estas tareas preventivas en las escuelas y liceos de todo Carabobo, para el beneficio de nuestros ni\u00f1os y adolescentes en edad escolar. Ning\u00fan estudiante se debe quedar sin vacunar; el prop\u00f3sito es que nuestros ni\u00f1os est\u00e9n sanos y protegidos de cualquier patolog\u00eda\u201d, asegur\u00f3.<\/p>\n<p>El funcionario afirm\u00f3 que estas jornadas se est\u00e1n llevando a cabo simult\u00e1neamente en plantes p\u00fablicos y privados de los 14 municipios. Asimismo hizo un llamado a los padres y representantes para que se sumen a las actividades y presten toda la colaboraci\u00f3n al personal de salud.<a href=\"https:\/\/insalud.gob.ve\/?attachment_id=9920\" rel=\"attachment wp-att-9920\"><img loading=\"lazy\" class=\"aligncenter size-large wp-image-9920\" src=\"https:\/\/insalud.gob.ve\/wp-content\/uploads\/2019\/02\/H2-1-1024x682.jpg\" alt=\"\" width=\"618\" height=\"412\" srcset=\"https:\/\/insalud.gob.ve\/wp-content\/uploads\/2019\/02\/H2-1-1024x682.jpg 1024w, https:\/\/insalud.gob.ve\/wp-content\/uploads\/2019\/02\/H2-1-300x200.jpg 300w, https:\/\/insalud.gob.ve\/wp-content\/uploads\/2019\/02\/H2-1-768x512.jpg 768w, https:\/\/insalud.gob.ve\/wp-content\/uploads\/2019\/02\/H2-1.jpg 2000w\" sizes=\"(max-width: 618px) 100vw, 618px\" \/><\/a><\/p>\n<p>\u201cEs necesario que los padres presenten las tarjetas de vacunaci\u00f3n, para que las vacunadoras puedan comprobar el estado de los ni\u00f1os, saber cu\u00e1l dosis le corresponde o si ya tienen completo el esquema de inmunizaci\u00f3n\u201d, agreg\u00f3 Y\u00e1nez.<\/p>\n<p><strong>Aumentando cobertura de atenci\u00f3n<\/strong><\/p>\n<p>Este mi\u00e9rcoles, el equipo de inmunizaciones visit\u00f3 la Escuela B\u00e1sica 24 de Junio ubicada en la parroquia Independencia, municipio Libertador, donde lograron atender a un gran n\u00famero de alumnos de educaci\u00f3n primaria, aumentando de este modo la cobertura de atenci\u00f3n.<\/p>\n<p>En este sentido, Yasmin Virguez, directora del centro formativo, manifest\u00f3 su gratitud hacia el gobernador Rafael Lacava y el personal de Insalud por desarrollar esta jornada de vacunaci\u00f3n para el bienestar de los ni\u00f1os. \u201cEstamos muy agradecidos porque vinieron una vez m\u00e1s a la instituci\u00f3n, para inmunizar a nuestros estudiantes y protegerlos de cualquier enfermedad\u201d, se\u00f1al\u00f3.<\/p>\n<p>De igual modo, Mirtha Villasmil, docente de aula, consider\u00f3 que estas acciones son importantes y efectivas a la hora de prevenir enfermedades en la poblaci\u00f3n infantil. \u201cGracias al gobernador Rafael Lacava y a todo su equipo por estar siempre presentes en cada una de las actividades que realizan en pro de los ni\u00f1os que son el futuro del pa\u00eds\u201d, dijo.<a href=\"https:\/\/insalud.gob.ve\/?attachment_id=9921\" rel=\"attachment wp-att-9921\"><img loading=\"lazy\" class=\"aligncenter size-large wp-image-9921\" src=\"https:\/\/insalud.gob.ve\/wp-content\/uploads\/2019\/02\/C2-Yasmin-Virguez-1024x732.jpg\" alt=\"\" width=\"618\" height=\"442\" srcset=\"https:\/\/insalud.gob.ve\/wp-content\/uploads\/2019\/02\/C2-Yasmin-Virguez-1024x732.jpg 1024w, https:\/\/insalud.gob.ve\/wp-content\/uploads\/2019\/02\/C2-Yasmin-Virguez-300x215.jpg 300w, https:\/\/insalud.gob.ve\/wp-content\/uploads\/2019\/02\/C2-Yasmin-Virguez-768x549.jpg 768w, https:\/\/insalud.gob.ve\/wp-content\/uploads\/2019\/02\/C2-Yasmin-Virguez.jpg 2000w\" sizes=\"(max-width: 618px) 100vw, 618px\" \/><\/a><\/p>\n","protected":false},"excerpt":{"rendered":"<p>El Gobierno de Carabobo a trav\u00e9s de la Fundaci\u00f3n Instituto Carabobe\u00f1o para la Salud (Insalud), mantiene de manera permanente las jornadas de inmunizaci\u00f3n en los centros educativos de la regi\u00f3n, a fin de intensificar la protecci\u00f3n de ni\u00f1os y adolescentes contra enfermedades prevenibles por vacunas. Juan Carlos Y\u00e1nez, presidente de Insalud, indic\u00f3 que el abordaje &hellip;<\/p>\n","protected":false},"author":2,"featured_media":9919,"comment_status":"open","ping_status":"closed","sticky":false,"template":"","format":"standard","meta":[],"categories":[31],"tags":[],"_links":{"self":[{"href":"https:\/\/insalud.gob.ve\/index.php?rest_route=\/wp\/v2\/posts\/9918"}],"collection":[{"href":"https:\/\/insalud.gob.ve\/index.php?rest_route=\/wp\/v2\/posts"}],"about":[{"href":"https:\/\/insalud.gob.ve\/index.php?rest_route=\/wp\/v2\/types\/post"}],"author":[{"embeddable":true,"href":"https:\/\/insalud.gob.ve\/index.php?rest_route=\/wp\/v2\/users\/2"}],"replies":[{"embeddable":true,"href":"https:\/\/insalud.gob.ve\/index.php?rest_route=%2Fwp%2Fv2%2Fcomments&post=9918"}],"version-history":[{"count":0,"href":"https:\/\/insalud.gob.ve\/index.php?rest_route=\/wp\/v2\/posts\/9918\/revisions"}],"wp:featuredmedia":[{"embeddable":true,"href":"https:\/\/insalud.gob.ve\/index.php?rest_route=\/wp\/v2\/media\/9919"}],"wp:attachment":[{"href":"https:\/\/insalud.gob.ve\/index.php?rest_route=%2Fwp%2Fv2%2Fmedia&parent=9918"}],"wp:term":[{"taxonomy":"category","embeddable":true,"href":"https:\/\/insalud.gob.ve\/index.php?rest_route=%2Fwp%2Fv2%2Fcategories&post=9918"},{"taxonomy":"post_tag","embeddable":true,"href":"https:\/\/insalud.gob.ve\/index.php?rest_route=%2Fwp%2Fv2%2Ftags&post=9918"}],"curies":[{"name":"wp","href":"https:\/\/api.w.org\/{rel}","templated":true}]}}