{"id":9992,"date":"2019-04-26T16:40:04","date_gmt":"2019-04-26T16:40:04","guid":{"rendered":"https:\/\/insalud.gob.ve\/?p=9992"},"modified":"2019-04-26T16:49:40","modified_gmt":"2019-04-26T16:49:40","slug":"9992","status":"publish","type":"post","link":"https:\/\/insalud.gob.ve\/?p=9992","title":{"rendered":"Dotan Hospital \u201cDr. Carlos Sanda\u201d de G\u00fcig\u00fce con equipo de laparoscopia"},"content":{"rendered":"<p><a href=\"https:\/\/insalud.gob.ve\/?attachment_id=9993\" rel=\"attachment wp-att-9993\"><img loading=\"lazy\" class=\"alignleft size-medium wp-image-9993\" src=\"https:\/\/insalud.gob.ve\/wp-content\/uploads\/2019\/04\/H1-2-2-300x214.jpg\" alt=\"\" width=\"300\" height=\"214\" srcset=\"https:\/\/insalud.gob.ve\/wp-content\/uploads\/2019\/04\/H1-2-2-300x214.jpg 300w, https:\/\/insalud.gob.ve\/wp-content\/uploads\/2019\/04\/H1-2-2-768x548.jpg 768w, https:\/\/insalud.gob.ve\/wp-content\/uploads\/2019\/04\/H1-2-2-1024x731.jpg 1024w, https:\/\/insalud.gob.ve\/wp-content\/uploads\/2019\/04\/H1-2-2.jpg 1654w\" sizes=\"(max-width: 300px) 100vw, 300px\" \/><\/a>En una acci\u00f3n articulada entre el Gobierno nacional y regional, el Hospital \u201cDr. Carlos Sanda\u201d situado en la parroquia G\u00fcig\u00fce, municipio Carlos Arvelo, recibi\u00f3 un moderno equipo de laparoscopia que servir\u00e1 para efectuar intervenciones quir\u00fargicas m\u00ednimamente invasivas.<\/p>\n<p>En horas de la tarde de este jueves, el presidente de la Fundaci\u00f3n Instituto Carabobe\u00f1o para la Salud (Insalud), Juan Carlos Y\u00e1nez, hizo entrega formal del nuevo aparato m\u00e9dico, cumpliendo con los compromisos asumidos por el presidente Nicol\u00e1s Maduro y gobernador Rafael Lacava, a fin de brindar mayor atenci\u00f3n en salud al pueblo carabobe\u00f1o.<\/p>\n<p>\u201cEn esta oportunidad estamos dotando al Hospital Carlos Sanda de G\u00fcig\u00fce con una torre de laparoscopia, equipo que nos permitir\u00e1 reducir el tiempo de las cirug\u00edas y operar m\u00e1s pacientes al d\u00eda, para saldar la deuda quir\u00fargica existente en el municipio desde hace muchos a\u00f1os\u201d, dijo.<a href=\"https:\/\/insalud.gob.ve\/?attachment_id=9994\" rel=\"attachment wp-att-9994\"><img loading=\"lazy\" class=\"aligncenter size-large wp-image-9994\" src=\"https:\/\/insalud.gob.ve\/wp-content\/uploads\/2019\/04\/C1-1-2-1024x731.jpg\" alt=\"\" width=\"618\" height=\"441\" srcset=\"https:\/\/insalud.gob.ve\/wp-content\/uploads\/2019\/04\/C1-1-2-1024x731.jpg 1024w, https:\/\/insalud.gob.ve\/wp-content\/uploads\/2019\/04\/C1-1-2-300x214.jpg 300w, https:\/\/insalud.gob.ve\/wp-content\/uploads\/2019\/04\/C1-1-2-768x548.jpg 768w, https:\/\/insalud.gob.ve\/wp-content\/uploads\/2019\/04\/C1-1-2.jpg 1654w\" sizes=\"(max-width: 618px) 100vw, 618px\" \/><\/a><\/p>\n<p>Y\u00e1nez indic\u00f3 que el centro asistencial cuenta con tres especialistas en el empleo de esta innovadora t\u00e9cnica, adem\u00e1s de un ur\u00f3logo y proct\u00f3logo. \u201cEn el hospital tenemos excelentes m\u00e9dicos, prestos siempre a ofrecer una \u00f3ptima atenci\u00f3n a los pacientes que requieran ser operados\u201d, asegur\u00f3.<\/p>\n<p><b>Dotaci\u00f3n de insumos y medicinas<\/b><\/p>\n<p>Con relaci\u00f3n a la dotaci\u00f3n de insumos y medicinas, afirm\u00f3 que a trav\u00e9s del Ministerio del Poder Popular para la Salud, se ejecuta un plan de dotaci\u00f3n contin\u00faa\u00a0 de los diferentes servicios, para dar respuesta a los usuarios que acuden a diario al nosocomio.<\/p>\n<p>\u201cGracias presidente Maduro y gobernador Rafael Lacava por el enorme esfuerzo que hacen para fortalecer la salud en Carabobo, a pesar del bloqueo econ\u00f3mico. Este pueblo siempre se los va agradecer\u201d, expres\u00f3.<\/p>\n<p>Por su parte, Sara\u00ed Monges, directora del Hospital\u00a0<span lang=\"es-419\">\u201c<\/span>Dr. Carlos Sanda\u201d, explic\u00f3 que con la activaci\u00f3n de este equipo se podr\u00e1 aumentar el n\u00famero de beneficiados. \u201cAnteriormente hac\u00edamos tres cirug\u00edas abiertas al d\u00eda y con la incorporaci\u00f3n de este equipo podremos realizar entre cinco y seis, lo que significa un gran avance para este gran municipio bolivariano\u201d, coment\u00f3.<\/p>\n<p>De igual modo, inform\u00f3 que mediante el m\u00e9todo de la laparoscopia efectuar\u00e1n operaciones de pr\u00f3stata, esterilizaciones, entre otras. \u201cEn el caso de la esterilizaciones femeninas reforzaremos las jornadas quir\u00fargicas para atender a unas 60 mujeres, lo que nos contribuir\u00e1 en impulsar la planificaci\u00f3n familiar en el municipio\u201d, se\u00f1al\u00f3.<\/p>\n","protected":false},"excerpt":{"rendered":"<p>En una acci\u00f3n articulada entre el Gobierno nacional y regional, el Hospital \u201cDr. Carlos Sanda\u201d situado en la parroquia G\u00fcig\u00fce, municipio Carlos Arvelo, recibi\u00f3 un moderno equipo de laparoscopia que servir\u00e1 para efectuar intervenciones quir\u00fargicas m\u00ednimamente invasivas. En horas de la tarde de este jueves, el presidente de la Fundaci\u00f3n Instituto Carabobe\u00f1o para la Salud &hellip;<\/p>\n","protected":false},"author":2,"featured_media":9993,"comment_status":"open","ping_status":"closed","sticky":false,"template":"","format":"standard","meta":[],"categories":[31],"tags":[],"_links":{"self":[{"href":"https:\/\/insalud.gob.ve\/index.php?rest_route=\/wp\/v2\/posts\/9992"}],"collection":[{"href":"https:\/\/insalud.gob.ve\/index.php?rest_route=\/wp\/v2\/posts"}],"about":[{"href":"https:\/\/insalud.gob.ve\/index.php?rest_route=\/wp\/v2\/types\/post"}],"author":[{"embeddable":true,"href":"https:\/\/insalud.gob.ve\/index.php?rest_route=\/wp\/v2\/users\/2"}],"replies":[{"embeddable":true,"href":"https:\/\/insalud.gob.ve\/index.php?rest_route=%2Fwp%2Fv2%2Fcomments&post=9992"}],"version-history":[{"count":0,"href":"https:\/\/insalud.gob.ve\/index.php?rest_route=\/wp\/v2\/posts\/9992\/revisions"}],"wp:featuredmedia":[{"embeddable":true,"href":"https:\/\/insalud.gob.ve\/index.php?rest_route=\/wp\/v2\/media\/9993"}],"wp:attachment":[{"href":"https:\/\/insalud.gob.ve\/index.php?rest_route=%2Fwp%2Fv2%2Fmedia&parent=9992"}],"wp:term":[{"taxonomy":"category","embeddable":true,"href":"https:\/\/insalud.gob.ve\/index.php?rest_route=%2Fwp%2Fv2%2Fcategories&post=9992"},{"taxonomy":"post_tag","embeddable":true,"href":"https:\/\/insalud.gob.ve\/index.php?rest_route=%2Fwp%2Fv2%2Ftags&post=9992"}],"curies":[{"name":"wp","href":"https:\/\/api.w.org\/{rel}","templated":true}]}}